{"id":25131,"date":"2025-07-17T17:07:34","date_gmt":"2025-07-17T17:07:34","guid":{"rendered":"http:\/\/staging.ibermusicas.org\/?p=25131"},"modified":"2025-07-17T17:07:48","modified_gmt":"2025-07-17T17:07:48","slug":"se-realizara-en-asuncion-del-paraguay-la-edicion-2025-del-festival-bach-sudamericano","status":"publish","type":"post","link":"http:\/\/staging.ibermusicas.org\/index.php\/se-realizara-en-asuncion-del-paraguay-la-edicion-2025-del-festival-bach-sudamericano\/","title":{"rendered":"Se realizar\u00e1 en Asunci\u00f3n del Paraguay, la edici\u00f3n 2025 del Festival Bach Sudamericano"},"content":{"rendered":"\n<p>La Sociedad Bach del Paraguay, con el apoyo de Iberm\u00fasicas, organiza la segunda edici\u00f3n del Festival Bach Sudamericano que abarca conciertos, clases magistrales, charlas y conferencias, a cargo del Bach Collegium de Asunci\u00f3n y de otras agrupaciones paraguayas y sudamericanas. Participar\u00e1n como invitados al festival artistas sudamericanos y europeos.<\/p>\n\n\n\n<p>Bajo el lema \u201cBach y la modernidad\u201d el Festival tendr\u00e1 como obra central a La Pasi\u00f3n seg\u00fan San Juan BWV 245, y se prev\u00e9 una programaci\u00f3n art\u00edstica amplia y diversa, que incluir\u00e1 tambi\u00e9n m\u00fasica del barroco latinoamericano, obras de Bach fusionadas con el jazz, piezas para instrumentos solistas, m\u00fasica de los contempor\u00e1neos de Bach, m\u00fasica contempor\u00e1nea y otras propuestas de alto nivel art\u00edstico.<\/p>\n\n\n\n<p>Las clases magistrales, conferencias y actividades especiales estar\u00e1n destinadas tanto al p\u00fablico en general, como tambi\u00e9n a los m\u00fasicos y estudiantes de m\u00fasica, y estar\u00e1n a cargo de los prestigiosos invitados internacionales que participar\u00e1n del festival, quienes compartir\u00e1n sus conocimientos y experiencias con los participantes, de manera completamente gratu\u00edta.<\/p>\n\n\n\n<p>El Festival Bach Sudamericano cuenta con el apoyo de Iberm\u00fasicas mediante la ayuda otorgada en 2024 en la l\u00ednea de \u201cAyuda a la programaci\u00f3n musical\u201d. A la vez cuenta con los auspicios de los Fondos de Cultura de la Secretar\u00eda Nacional de Cultura del Paraguay, el Instituto Guimar\u00e4es Rosa de la Embajada del Brasil, el Centro Nuestra Se\u00f1ora de la Asunci\u00f3n y la Cooperativa Universitaria.<\/p>\n\n\n\n<ul class=\"wp-block-list\">\n<li>Del 18 al 27 de julio en Ciudad de Asunci\u00f3n, Paraguay<\/li>\n<\/ul>\n","protected":false},"excerpt":{"rendered":"<p>La Sociedad Bach del Paraguay, con el apoyo de Iberm\u00fasicas, organiza la segunda edici\u00f3n del Festival Bach Sudamericano que abarca conciertos, clases magistrales, charlas y conferencias, a cargo del Bach Collegium de Asunci\u00f3n y de otras agrupaciones paraguayas y sudamericanas. Participar\u00e1n como invitados al festival artistas sudamericanos y europeos. Bajo el lema \u201cBach y la [&hellip;]<\/p>\n","protected":false},"author":7,"featured_media":25132,"comment_status":"closed","ping_status":"closed","sticky":false,"template":"","format":"standard","meta":{"footnotes":""},"categories":[53],"tags":[],"class_list":["post-25131","post","type-post","status-publish","format-standard","has-post-thumbnail","hentry","category-noticias-generales"],"lang":"es","translations":{"es":25131},"pll_sync_post":[],"post_mailing_queue_ids":[],"_links":{"self":[{"href":"http:\/\/staging.ibermusicas.org\/index.php\/wp-json\/wp\/v2\/posts\/25131","targetHints":{"allow":["GET"]}}],"collection":[{"href":"http:\/\/staging.ibermusicas.org\/index.php\/wp-json\/wp\/v2\/posts"}],"about":[{"href":"http:\/\/staging.ibermusicas.org\/index.php\/wp-json\/wp\/v2\/types\/post"}],"author":[{"embeddable":true,"href":"http:\/\/staging.ibermusicas.org\/index.php\/wp-json\/wp\/v2\/users\/7"}],"replies":[{"embeddable":true,"href":"http:\/\/staging.ibermusicas.org\/index.php\/wp-json\/wp\/v2\/comments?post=25131"}],"version-history":[{"count":1,"href":"http:\/\/staging.ibermusicas.org\/index.php\/wp-json\/wp\/v2\/posts\/25131\/revisions"}],"predecessor-version":[{"id":25133,"href":"http:\/\/staging.ibermusicas.org\/index.php\/wp-json\/wp\/v2\/posts\/25131\/revisions\/25133"}],"wp:featuredmedia":[{"embeddable":true,"href":"http:\/\/staging.ibermusicas.org\/index.php\/wp-json\/wp\/v2\/media\/25132"}],"wp:attachment":[{"href":"http:\/\/staging.ibermusicas.org\/index.php\/wp-json\/wp\/v2\/media?parent=25131"}],"wp:term":[{"taxonomy":"category","embeddable":true,"href":"http:\/\/staging.ibermusicas.org\/index.php\/wp-json\/wp\/v2\/categories?post=25131"},{"taxonomy":"post_tag","embeddable":true,"href":"http:\/\/staging.ibermusicas.org\/index.php\/wp-json\/wp\/v2\/tags?post=25131"}],"curies":[{"name":"wp","href":"https:\/\/api.w.org\/{rel}","templated":true}]}}