{"id":25134,"date":"2025-07-17T17:08:45","date_gmt":"2025-07-17T17:08:45","guid":{"rendered":"http:\/\/staging.ibermusicas.org\/?p=25134"},"modified":"2025-07-17T17:09:05","modified_gmt":"2025-07-17T17:09:05","slug":"a-edicao-de-2025-do-festival-bach-sul-americano-vai-rolar-em-assuncao-no-paraguai","status":"publish","type":"post","link":"http:\/\/staging.ibermusicas.org\/index.php\/a-edicao-de-2025-do-festival-bach-sul-americano-vai-rolar-em-assuncao-no-paraguai\/","title":{"rendered":"A edi\u00e7\u00e3o de 2025 do Festival Bach Sul-Americano vai rolar em Assun\u00e7\u00e3o, no Paraguai"},"content":{"rendered":"\n<p>A Sociedade Bach do Paraguai, com o apoio do Iberm\u00fasicas, est\u00e1 organizando a segunda edi\u00e7\u00e3o do Festival Bach Sul-Americano, que vai ter concertos, aulas magistrais, palestras e confer\u00eancias, a cargo do Bach Collegium de Assun\u00e7\u00e3o e de outros grupos paraguaios e sul-americanos. Artistas sul-americanos e europeus v\u00e3o participar como convidados do festival.<\/p>\n\n\n\n<p>Sob o tema \u201cBach e a modernidade\u201d, o Festival vai ter como obra central A Paix\u00e3o segundo S\u00e3o Jo\u00e3o BWV 245, e est\u00e1 prevista uma programa\u00e7\u00e3o art\u00edstica ampla e diversificada, que tamb\u00e9m vai incluir m\u00fasica barroca latino-americana, obras de Bach misturadas com jazz, pe\u00e7as para instrumentos solistas, m\u00fasica de contempor\u00e2neos de Bach, m\u00fasica e outras propostas de alto n\u00edvel art\u00edstico.<\/p>\n\n\n\n<p>As masterclasses, confer\u00eancias e atividades especiais ser\u00e3o destinadas tanto ao p\u00fablico em geral quanto a m\u00fasicos e estudantes de m\u00fasica, e ser\u00e3o ministradas pelos prestigiados convidados internacionais que participar\u00e3o do festival e compartilhar\u00e3o seus conhecimentos e experi\u00eancias com os participantes, de forma totalmente gratuita.<\/p>\n\n\n\n<p>O Festival Bach Sudamericano conta com o apoio do Iberm\u00fasicas atrav\u00e9s da ajuda concedida em 2024 na linha de \u201cApoio \u00e0 programa\u00e7\u00e3o musical\u201d. Ao mesmo tempo, conta com o patroc\u00ednio dos Fundos de Cultura da Secretaria Nacional de Cultura do Paraguai, do Instituto Guimar\u00e3es Rosa da Embaixada do Brasil, do Centro Nuestra Se\u00f1ora de la Asunci\u00f3n e da Cooperativa Universit\u00e1ria.<\/p>\n\n\n\n<ul class=\"wp-block-list\">\n<li>De 18 a 27 de julho, na cidade de Assun\u00e7\u00e3o, Paraguai.<\/li>\n<\/ul>\n\n\n\n<p><\/p>\n","protected":false},"excerpt":{"rendered":"<p>A Sociedade Bach do Paraguai, com o apoio do Iberm\u00fasicas, est\u00e1 organizando a segunda edi\u00e7\u00e3o do Festival Bach Sul-Americano, que vai ter concertos, aulas magistrais, palestras e confer\u00eancias, a cargo do Bach Collegium de Assun\u00e7\u00e3o e de outros grupos paraguaios e sul-americanos. Artistas sul-americanos e europeus v\u00e3o participar como convidados do festival. Sob o tema [&hellip;]<\/p>\n","protected":false},"author":7,"featured_media":25132,"comment_status":"closed","ping_status":"closed","sticky":false,"template":"","format":"standard","meta":{"footnotes":""},"categories":[218],"tags":[],"class_list":["post-25134","post","type-post","status-publish","format-standard","has-post-thumbnail","hentry","category-noticias-generales-pt"],"lang":"pt","translations":{"pt":25134},"pll_sync_post":[],"post_mailing_queue_ids":[],"_links":{"self":[{"href":"http:\/\/staging.ibermusicas.org\/index.php\/wp-json\/wp\/v2\/posts\/25134","targetHints":{"allow":["GET"]}}],"collection":[{"href":"http:\/\/staging.ibermusicas.org\/index.php\/wp-json\/wp\/v2\/posts"}],"about":[{"href":"http:\/\/staging.ibermusicas.org\/index.php\/wp-json\/wp\/v2\/types\/post"}],"author":[{"embeddable":true,"href":"http:\/\/staging.ibermusicas.org\/index.php\/wp-json\/wp\/v2\/users\/7"}],"replies":[{"embeddable":true,"href":"http:\/\/staging.ibermusicas.org\/index.php\/wp-json\/wp\/v2\/comments?post=25134"}],"version-history":[{"count":1,"href":"http:\/\/staging.ibermusicas.org\/index.php\/wp-json\/wp\/v2\/posts\/25134\/revisions"}],"predecessor-version":[{"id":25135,"href":"http:\/\/staging.ibermusicas.org\/index.php\/wp-json\/wp\/v2\/posts\/25134\/revisions\/25135"}],"wp:featuredmedia":[{"embeddable":true,"href":"http:\/\/staging.ibermusicas.org\/index.php\/wp-json\/wp\/v2\/media\/25132"}],"wp:attachment":[{"href":"http:\/\/staging.ibermusicas.org\/index.php\/wp-json\/wp\/v2\/media?parent=25134"}],"wp:term":[{"taxonomy":"category","embeddable":true,"href":"http:\/\/staging.ibermusicas.org\/index.php\/wp-json\/wp\/v2\/categories?post=25134"},{"taxonomy":"post_tag","embeddable":true,"href":"http:\/\/staging.ibermusicas.org\/index.php\/wp-json\/wp\/v2\/tags?post=25134"}],"curies":[{"name":"wp","href":"https:\/\/api.w.org\/{rel}","templated":true}]}}