{"id":25136,"date":"2025-07-17T17:13:20","date_gmt":"2025-07-17T17:13:20","guid":{"rendered":"http:\/\/staging.ibermusicas.org\/?p=25136"},"modified":"2025-07-17T17:13:23","modified_gmt":"2025-07-17T17:13:23","slug":"la-artista-cubana-annalie-lopez-azucena-participara-de-la-gira-cancioneras-paraguay-argentina-por-distintas-ciudades-de-ambos-paises","status":"publish","type":"post","link":"http:\/\/staging.ibermusicas.org\/index.php\/la-artista-cubana-annalie-lopez-azucena-participara-de-la-gira-cancioneras-paraguay-argentina-por-distintas-ciudades-de-ambos-paises\/","title":{"rendered":"La artista cubana Annalie L\u00f3pez \u201cAzucena\u201d participar\u00e1 de la \u201cGira Cancioneras Paraguay\/Argentina\u201d por distintas ciudades de ambos pa\u00edses"},"content":{"rendered":"\n<p>Con amplio registro grave en su voz de contralto y fiel a su guitarra, la talentosa cantautora cubana Annalie L\u00f3pez, adora los colores de la m\u00fasica. Amante tambi\u00e9n de la poes\u00eda y la pintura, Azucena, como se le conoce en el mundo art\u00edstico confiesa que naci\u00f3 para cantar.<\/p>\n\n\n\n<p>Annali\u00e9 L\u00f3pez es uno de los orgullos art\u00edsticos de Guant\u00e1namo, compositora de temas como Azucenas, Victoria, Adi\u00f3s soledad, Sin clave no hay rumba, y S\u00e1calo pa\u00b4fuera, merecedora de la beca El Reino de Este Mundo, de la Asociaci\u00f3n Hermanos Sa\u00edz, cinco premios del Festival de Video Clip Moviendo, Premio de la mejor Canci\u00f3n Contempor\u00e1nea en el Festival Cuerda Viva 2021 y 2022 y una nominaci\u00f3n a Los Lucas con el clip Azucena.<\/p>\n\n\n\n<p>\u00abEl mensaje que busco dar con mis canciones, cada vez que me subo a un escenario, es que cada quien pueda ser uno mismo, transmitir todo lo que tengamos dentro: fortaleza, amor\u2026 poder llegar a las personas; trato de ser yo con mi arte, porque, aunque seamos parecidos nadie es igual. Tambi\u00e9n siento como si me transformara, como si floreciera o fuera mar o fuego y eso quiero transmitirlo al p\u00fablico. Tener los ojos abiertos en ese momento es un regalo, yo pienso que poder ser uno mismo y hacer lo que uno quiere y lograr transmitirlo es el regalo, un mensaje de que estamos vivos\u00bb.<\/p>\n\n\n\n<p>Annalie Lopez \u201cAzucena\u201d, ser\u00e1 parte de esta gira por Argentina y Paraguay junto a las artistas argentinas Milene Morales, Luli Maidana, Paula Ferr\u00e9 y Lola Barrios, y a las artistas paraguayas Maria Rios, Rocio Robledo, Lizza Bogado, Vero Barreto, Carmen Diaz, Chabella Ri, Cyndi Elizeche, Claudia Miranda y Julia Peroni.<\/p>\n\n\n\n<p>La participaci\u00f3n de Annalie Lopez \u201cAzucena\u201d en esta gira, se hace posible gracias al apoyo de Iberm\u00fasicas mediante su l\u00ednea de \u201cAyuda a la circulaci\u00f3n de profesionales de la m\u00fasica\u201d, convocatoria 2024.<\/p>\n\n\n\n<p>\u25cf S\u00e1bado 19 de julio: Banca el Farol, Jun\u00edn, Provincia de Buenos Aires, Argentina<br>\u25cf S\u00e1bado 19 de julio: Casa de Cultura Cluster Creativo, Jun\u00edn, Provincia de Buenos Aires, Argentina<br>\u25cf Domingo 20 de julio: Taller Cancionero Popular de Trovadoras Cubanas y Paraguayas, Casa Cultural Dante Balestro, Jun\u00edn, Provincia de Buenos Aires, Argentina<br>\u25cf Viernes 25 de julio: Territorio Cultural La Cortada, Hurlingham, Provincia de Buenos Aires, Argentina<br>\u25cf S\u00e1bado 26 de julio: Show de Trovadoras en Casa Museo de la Trova, Caseros, Provincia de Buenos Aires<br>\u25cf Viernes 1ero de agosto: Espacio Cultural La Serafina, Asunci\u00f3n, Paraguay<br>\u25cf S\u00e1bado 2 de agosto, 19h: FestiFer\u00f3 \u201cCancioneras\u201d en el Centro Cultural \u201cAuditorio del Puerto de Asunci\u00f3n\u201d, Paraguay<br>\u25cf Mi\u00e9rcoles 14 de agosto: Tienda Cultural Punto Divertido, Asunci\u00f3n, Paraguay<br>\u25cf Jueves 15 de agosto: Teatro Municipal Prof. Celso Baz\u00e1n, Ciudad de It\u00e1, Paraguay<\/p>\n","protected":false},"excerpt":{"rendered":"<p>Con amplio registro grave en su voz de contralto y fiel a su guitarra, la talentosa cantautora cubana Annalie L\u00f3pez, adora los colores de la m\u00fasica. Amante tambi\u00e9n de la poes\u00eda y la pintura, Azucena, como se le conoce en el mundo art\u00edstico confiesa que naci\u00f3 para cantar. Annali\u00e9 L\u00f3pez es uno de los orgullos [&hellip;]<\/p>\n","protected":false},"author":7,"featured_media":25137,"comment_status":"closed","ping_status":"closed","sticky":false,"template":"","format":"standard","meta":{"footnotes":""},"categories":[53,48],"tags":[],"class_list":["post-25136","post","type-post","status-publish","format-standard","has-post-thumbnail","hentry","category-noticias-generales","category-noticias-rotativas"],"lang":"es","translations":{"es":25136},"pll_sync_post":[],"post_mailing_queue_ids":[],"_links":{"self":[{"href":"http:\/\/staging.ibermusicas.org\/index.php\/wp-json\/wp\/v2\/posts\/25136","targetHints":{"allow":["GET"]}}],"collection":[{"href":"http:\/\/staging.ibermusicas.org\/index.php\/wp-json\/wp\/v2\/posts"}],"about":[{"href":"http:\/\/staging.ibermusicas.org\/index.php\/wp-json\/wp\/v2\/types\/post"}],"author":[{"embeddable":true,"href":"http:\/\/staging.ibermusicas.org\/index.php\/wp-json\/wp\/v2\/users\/7"}],"replies":[{"embeddable":true,"href":"http:\/\/staging.ibermusicas.org\/index.php\/wp-json\/wp\/v2\/comments?post=25136"}],"version-history":[{"count":1,"href":"http:\/\/staging.ibermusicas.org\/index.php\/wp-json\/wp\/v2\/posts\/25136\/revisions"}],"predecessor-version":[{"id":25138,"href":"http:\/\/staging.ibermusicas.org\/index.php\/wp-json\/wp\/v2\/posts\/25136\/revisions\/25138"}],"wp:featuredmedia":[{"embeddable":true,"href":"http:\/\/staging.ibermusicas.org\/index.php\/wp-json\/wp\/v2\/media\/25137"}],"wp:attachment":[{"href":"http:\/\/staging.ibermusicas.org\/index.php\/wp-json\/wp\/v2\/media?parent=25136"}],"wp:term":[{"taxonomy":"category","embeddable":true,"href":"http:\/\/staging.ibermusicas.org\/index.php\/wp-json\/wp\/v2\/categories?post=25136"},{"taxonomy":"post_tag","embeddable":true,"href":"http:\/\/staging.ibermusicas.org\/index.php\/wp-json\/wp\/v2\/tags?post=25136"}],"curies":[{"name":"wp","href":"https:\/\/api.w.org\/{rel}","templated":true}]}}