{"id":25141,"date":"2025-07-17T17:16:31","date_gmt":"2025-07-17T17:16:31","guid":{"rendered":"http:\/\/staging.ibermusicas.org\/?p=25141"},"modified":"2025-07-17T17:16:34","modified_gmt":"2025-07-17T17:16:34","slug":"el-ensamble-palito-miranda-de-paraguay-presenta-su-nuevo-album-ida-y-vuelta","status":"publish","type":"post","link":"http:\/\/staging.ibermusicas.org\/index.php\/el-ensamble-palito-miranda-de-paraguay-presenta-su-nuevo-album-ida-y-vuelta\/","title":{"rendered":"El Ensamble Palito Miranda de Paraguay presenta su nuevo \u00e1lbum \u201cIda y Vuelta\u201d"},"content":{"rendered":"\n<p>El proyecto de jazz paraguayo Ensamble Palito Miranda, presenta su segundo material discogr\u00e1fico de estudio, el cual cuenta con una serie de colaboraciones de destacados m\u00fasicos de Latinoam\u00e9rica.<\/p>\n\n\n\n<p>Ida y vuelta, es el nombre que lleva el nuevo \u00e1lbum, el cual expone una serie de composiciones de la nueva camada del jazz paraguayo, con la participaci\u00f3n exclusiva de arregladores como: Rafael Rocha de Brasil, Hilario Duran de Cuba, An\u00edbal Seminario de Per\u00fa y Emilio Solla y Germ\u00e1n Lema de Argentina.<\/p>\n\n\n\n<p>El nuevo \u00e1lbum contiene composiciones de los m\u00e1s diferentes estilos y ritmos que van desde el jazz funk a la polca paraguaya, desde el baio a la guarania, y desde el danz\u00f3n al swing, con autores paraguayos del \u00e1mbito instrumental y jazz\u00edstico como: Oscar Aldama, Orlando Bonzi, Jos\u00e9 Villamayor, Mar P\u00e9rez, Sixto Corbalan, Pier Pappalardo y Pedro Mart\u00ednez.<\/p>\n\n\n\n<p>Ida y vuelta, es el reflejo de una visi\u00f3n tanto a nivel compositivo como arregl\u00edstico que convergen en este \u00e1lbum, conectando la escena paraguaya y la latinoamericana, que se retroalimentan para impulsar un disco en el cual se busca impulsar un intercambio art\u00edstico entre compositores, arregladores e int\u00e9rpretes.<\/p>\n\n\n\n<p>Grabado en Asunci\u00f3n Paraguay, en estudios Ciudad Nueva, el \u00e1lbum estar\u00e1 disponible el 25 de julio en todas las plataformas digitales.<\/p>\n\n\n\n<p>Esta producci\u00f3n ha sido posible gracias al apoyo de Iberm\u00fasicas mediante su l\u00ednea de \u201cAyuda a proyectos virtuales\u201d, convocatoria 2023.<\/p>\n\n\n\n<p>\u25cf A partir del 25 de julio en todas las plataformas<\/p>\n","protected":false},"excerpt":{"rendered":"<p>El proyecto de jazz paraguayo Ensamble Palito Miranda, presenta su segundo material discogr\u00e1fico de estudio, el cual cuenta con una serie de colaboraciones de destacados m\u00fasicos de Latinoam\u00e9rica. Ida y vuelta, es el nombre que lleva el nuevo \u00e1lbum, el cual expone una serie de composiciones de la nueva camada del jazz paraguayo, con la [&hellip;]<\/p>\n","protected":false},"author":7,"featured_media":25142,"comment_status":"closed","ping_status":"closed","sticky":false,"template":"","format":"standard","meta":{"footnotes":""},"categories":[53,48],"tags":[],"class_list":["post-25141","post","type-post","status-publish","format-standard","has-post-thumbnail","hentry","category-noticias-generales","category-noticias-rotativas"],"lang":"es","translations":{"es":25141},"pll_sync_post":[],"post_mailing_queue_ids":[],"_links":{"self":[{"href":"http:\/\/staging.ibermusicas.org\/index.php\/wp-json\/wp\/v2\/posts\/25141","targetHints":{"allow":["GET"]}}],"collection":[{"href":"http:\/\/staging.ibermusicas.org\/index.php\/wp-json\/wp\/v2\/posts"}],"about":[{"href":"http:\/\/staging.ibermusicas.org\/index.php\/wp-json\/wp\/v2\/types\/post"}],"author":[{"embeddable":true,"href":"http:\/\/staging.ibermusicas.org\/index.php\/wp-json\/wp\/v2\/users\/7"}],"replies":[{"embeddable":true,"href":"http:\/\/staging.ibermusicas.org\/index.php\/wp-json\/wp\/v2\/comments?post=25141"}],"version-history":[{"count":1,"href":"http:\/\/staging.ibermusicas.org\/index.php\/wp-json\/wp\/v2\/posts\/25141\/revisions"}],"predecessor-version":[{"id":25143,"href":"http:\/\/staging.ibermusicas.org\/index.php\/wp-json\/wp\/v2\/posts\/25141\/revisions\/25143"}],"wp:featuredmedia":[{"embeddable":true,"href":"http:\/\/staging.ibermusicas.org\/index.php\/wp-json\/wp\/v2\/media\/25142"}],"wp:attachment":[{"href":"http:\/\/staging.ibermusicas.org\/index.php\/wp-json\/wp\/v2\/media?parent=25141"}],"wp:term":[{"taxonomy":"category","embeddable":true,"href":"http:\/\/staging.ibermusicas.org\/index.php\/wp-json\/wp\/v2\/categories?post=25141"},{"taxonomy":"post_tag","embeddable":true,"href":"http:\/\/staging.ibermusicas.org\/index.php\/wp-json\/wp\/v2\/tags?post=25141"}],"curies":[{"name":"wp","href":"https:\/\/api.w.org\/{rel}","templated":true}]}}