{"id":25146,"date":"2025-07-17T17:23:05","date_gmt":"2025-07-17T17:23:05","guid":{"rendered":"http:\/\/staging.ibermusicas.org\/?p=25146"},"modified":"2025-07-17T17:23:07","modified_gmt":"2025-07-17T17:23:07","slug":"la-agrupacion-arpas-de-malaga-se-presentara-en-el-rioharpfestival-de-brasil","status":"publish","type":"post","link":"http:\/\/staging.ibermusicas.org\/index.php\/la-agrupacion-arpas-de-malaga-se-presentara-en-el-rioharpfestival-de-brasil\/","title":{"rendered":"La agrupaci\u00f3n Arpas de M\u00e1laga se presentar\u00e1 en el RioHarpFestival de Brasil"},"content":{"rendered":"\n<p>Arpas de M\u00e1laga es una agrupaci\u00f3n \u00fanica debido a sus peculiares caracter\u00edsticas. La abrupaci\u00f3n fue creada hace m\u00e1s de diez a\u00f1os por Lidia del R\u00edo de Miguel, Mar\u00eda Jes\u00fas Bedoya Ruiz, Tibor Tejeda del R\u00edo y Tha\u00efs Tejeda del R\u00edo. El Repertorio es variado, con obras de compositores cl\u00e1sicos hasta los actuales, los cuales dedican obras exclusivas para esta formaci\u00f3n.<\/p>\n\n\n\n<p>Con m\u00e1s de 200 conciertos realizados, entre sus \u00faltimas actuaciones destacan el Festival de Arpa Mar\u00eda Rosa Calvo Manzano en Collado Villalba, Priego de C\u00f3rdoba, Villa de Canena, Navas de San Juan, Torreperojil, as\u00ed como en Ciclos de Conciertos en diversas ciudades de Espa\u00f1a como Vigo, Zamora, C\u00f3rdoba, C\u00e1diz, Guadalajara, Sevilla, Ja\u00e9n, Ceuta, Melilla y Madrid entre otras.<\/p>\n\n\n\n<p>A nivel Internacional, han ofrecido conciertos en varios pa\u00edses: B\u00e9lgica, Argelia, Jap\u00f3n, Alemania, Turqu\u00eda, Letonia, Italia,. Recientemente han sido invitados por la casa CAMAC de Par\u00eds (Francia) as\u00ed como tambi\u00e9n al RioHarpFestival en Sao Paulo y<br>R\u00edo de Janeiro (Brasil).<\/p>\n\n\n\n<p>RioHarpFestival es uno de los principales festivales de arpa del mundo. Ha transformando a R\u00edo de Janeiro en la Capital Mundial del Arpa expandi\u00e9ndose tambi\u00e9n a Brasilia y S\u00e3o Paulo. El festival re\u00fane a unos 150 m\u00fasicos de diversas formaciones orquestales y a unos 30 arpistas de 22 pa\u00edses. Adem\u00e1s de presentar la versatilidad del instrumento al p\u00fablico carioca, RioHarpFestival, es pionero en incluir orquestas comunitarias en su programaci\u00f3n, presentando los distintos tipos de arpas y los respectivos sonidos\/ritmos desde la m\u00fasica barroca hasta la contempor\u00e1nea.<\/p>\n\n\n\n<p>El evento forma parte del proyecto M\u00fasica en el Museo &#8211; Patrimonio Cultural Inmaterial de R\u00edo de Janeiro -, que en 2022 cumpli\u00f3 25 a\u00f1os de actividades ininterrumpidas, de enero a diciembre de cada a\u00f1o.<\/p>\n\n\n\n<p>Esta serie de presentaciones de la agrupaci\u00f3n Arpas de M\u00e1laga, se hace posible gracias al apoyo de Iberm\u00fasicas mediante su l\u00ednea de \u201cAyuda a la circulaci\u00f3n de profesionales de la m\u00fasica\u201d, convocatoria 2024.<\/p>\n\n\n\n<p>\u25cf Del 27 al 29 de julio en CCBB, Biblioteca Nacional y Centro de Justicia Federal, Rio de Janeiro, Brasil<\/p>\n","protected":false},"excerpt":{"rendered":"<p>Arpas de M\u00e1laga es una agrupaci\u00f3n \u00fanica debido a sus peculiares caracter\u00edsticas. La abrupaci\u00f3n fue creada hace m\u00e1s de diez a\u00f1os por Lidia del R\u00edo de Miguel, Mar\u00eda Jes\u00fas Bedoya Ruiz, Tibor Tejeda del R\u00edo y Tha\u00efs Tejeda del R\u00edo. El Repertorio es variado, con obras de compositores cl\u00e1sicos hasta los actuales, los cuales dedican [&hellip;]<\/p>\n","protected":false},"author":7,"featured_media":25147,"comment_status":"closed","ping_status":"closed","sticky":false,"template":"","format":"standard","meta":{"footnotes":""},"categories":[53,48],"tags":[],"class_list":["post-25146","post","type-post","status-publish","format-standard","has-post-thumbnail","hentry","category-noticias-generales","category-noticias-rotativas"],"lang":"es","translations":{"es":25146},"pll_sync_post":[],"post_mailing_queue_ids":[],"_links":{"self":[{"href":"http:\/\/staging.ibermusicas.org\/index.php\/wp-json\/wp\/v2\/posts\/25146","targetHints":{"allow":["GET"]}}],"collection":[{"href":"http:\/\/staging.ibermusicas.org\/index.php\/wp-json\/wp\/v2\/posts"}],"about":[{"href":"http:\/\/staging.ibermusicas.org\/index.php\/wp-json\/wp\/v2\/types\/post"}],"author":[{"embeddable":true,"href":"http:\/\/staging.ibermusicas.org\/index.php\/wp-json\/wp\/v2\/users\/7"}],"replies":[{"embeddable":true,"href":"http:\/\/staging.ibermusicas.org\/index.php\/wp-json\/wp\/v2\/comments?post=25146"}],"version-history":[{"count":1,"href":"http:\/\/staging.ibermusicas.org\/index.php\/wp-json\/wp\/v2\/posts\/25146\/revisions"}],"predecessor-version":[{"id":25148,"href":"http:\/\/staging.ibermusicas.org\/index.php\/wp-json\/wp\/v2\/posts\/25146\/revisions\/25148"}],"wp:featuredmedia":[{"embeddable":true,"href":"http:\/\/staging.ibermusicas.org\/index.php\/wp-json\/wp\/v2\/media\/25147"}],"wp:attachment":[{"href":"http:\/\/staging.ibermusicas.org\/index.php\/wp-json\/wp\/v2\/media?parent=25146"}],"wp:term":[{"taxonomy":"category","embeddable":true,"href":"http:\/\/staging.ibermusicas.org\/index.php\/wp-json\/wp\/v2\/categories?post=25146"},{"taxonomy":"post_tag","embeddable":true,"href":"http:\/\/staging.ibermusicas.org\/index.php\/wp-json\/wp\/v2\/tags?post=25146"}],"curies":[{"name":"wp","href":"https:\/\/api.w.org\/{rel}","templated":true}]}}