{"id":25151,"date":"2025-07-17T17:28:22","date_gmt":"2025-07-17T17:28:22","guid":{"rendered":"http:\/\/staging.ibermusicas.org\/?p=25151"},"modified":"2025-07-21T16:19:15","modified_gmt":"2025-07-21T16:19:15","slug":"llega-la-primera-convencion-internacional-de-flautas-en-mexico","status":"publish","type":"post","link":"http:\/\/staging.ibermusicas.org\/index.php\/llega-la-primera-convencion-internacional-de-flautas-en-mexico\/","title":{"rendered":"Llega la Primera Convenci\u00f3n Internacional de Flautas en M\u00e9xico"},"content":{"rendered":"\n<p>La Primera Convenci\u00f3n Internacional de Flauta en M\u00e9xico, se llevar\u00e1 a cabo en el Instituto Superior de M\u00fasica del Estado de Veracruz. Artistas de gran trayectoria a nivel nacional e internacional estar\u00e1n compartiendo sus saberes con estudiantes de todos los grados, as\u00ed como con j\u00f3venes profesionales que desean crecer como artistas. As\u00ed mismo, habr\u00e1 talleres b\u00e1sicos de reparaci\u00f3n y construcci\u00f3n de flautas.<\/p>\n\n\n\n<p>Las actividades que se desarrollar\u00e1n durante estos d\u00edas son:<\/p>\n\n\n\n<ul class=\"wp-block-list\">\n<li>Clase magistral: proceso did\u00e1ctico, secuencial y tem\u00e1tico para ense\u00f1ar a los participantes ciertas habilidades y transferir experiencia y conocimiento profesional.<\/li>\n\n\n\n<li>Paneles y conferencias: las ponencias tienen como objetivo ofrecer a los estudiantes mejores formas de estudio para visualizar el horizonte de expectativas del \u00e1rea musical, as\u00ed como la proyecci\u00f3n de su carrera, consejos y alternativas de soluci\u00f3n a determinados problemas t\u00e9cnicos con base en la experiencia de grandes maestros invitados.<\/li>\n\n\n\n<li>Taller infantil: Dise\u00f1ado para ni\u00f1os de 6 a 12 a\u00f1os, con diversas actividades guiadas por maestros expertos; se basan en un enfoque l\u00fadico que resulte significativo para los ni\u00f1os.<\/li>\n\n\n\n<li>Taller de fluteboxing: impartido por Greg Pattillo, considerado el padre del beatbox en la flauta. Est\u00e1 dirigido a flautistas de todos los niveles.<\/li>\n\n\n\n<li>Taller de jazz e improvisaci\u00f3n: impartido por dos grandes m\u00fasicos latinoamericanos: N\u00e9stor Torres y Orlando Valle, dirigido a todos aquellos interesados en este estilo, con o sin experiencia.<\/li>\n\n\n\n<li>Clase grupal: impartida a un grupo de varios instrumentistas.<\/li>\n\n\n\n<li>Taller de luther\u00eda: Impartido por dos conocidos lutieres, ser\u00e1 introductorio para aquellos que deseen conocer sobre la reparaci\u00f3n de instrumentos, as\u00ed como del proceso de dise\u00f1o, elaboraci\u00f3n y estructura de los mismos, que implican nociones de f\u00edsica y otras \u00e1reas.<\/li>\n<\/ul>\n\n\n\n<p>La Primera Convenci\u00f3n Internacional de Flautas en M\u00e9xico cuenta con el apoyo del Programa Iberm\u00fasicas mediante su l\u00ednea de \u201cAyuda a la circulaci\u00f3n de profesionales de la m\u00fasica\u201d, convocatoria 2024.<\/p>\n\n\n\n<ul class=\"wp-block-list\">\n<li>Del 30 de julio al 3 de agosto, Xalapa, Veracruz, M\u00e9xico<\/li>\n\n\n\n<li>M\u00e1s informaci\u00f3n en: www.anfmex.org<\/li>\n<\/ul>\n","protected":false},"excerpt":{"rendered":"<p>La Primera Convenci\u00f3n Internacional de Flauta en M\u00e9xico, se llevar\u00e1 a cabo en el Instituto Superior de M\u00fasica del Estado de Veracruz. Artistas de gran trayectoria a nivel nacional e internacional estar\u00e1n compartiendo sus saberes con estudiantes de todos los grados, as\u00ed como con j\u00f3venes profesionales que desean crecer como artistas. As\u00ed mismo, habr\u00e1 talleres [&hellip;]<\/p>\n","protected":false},"author":7,"featured_media":25152,"comment_status":"closed","ping_status":"closed","sticky":false,"template":"","format":"standard","meta":{"footnotes":""},"categories":[53,48],"tags":[],"class_list":["post-25151","post","type-post","status-publish","format-standard","has-post-thumbnail","hentry","category-noticias-generales","category-noticias-rotativas"],"lang":"es","translations":{"es":25151},"pll_sync_post":[],"post_mailing_queue_ids":[],"_links":{"self":[{"href":"http:\/\/staging.ibermusicas.org\/index.php\/wp-json\/wp\/v2\/posts\/25151","targetHints":{"allow":["GET"]}}],"collection":[{"href":"http:\/\/staging.ibermusicas.org\/index.php\/wp-json\/wp\/v2\/posts"}],"about":[{"href":"http:\/\/staging.ibermusicas.org\/index.php\/wp-json\/wp\/v2\/types\/post"}],"author":[{"embeddable":true,"href":"http:\/\/staging.ibermusicas.org\/index.php\/wp-json\/wp\/v2\/users\/7"}],"replies":[{"embeddable":true,"href":"http:\/\/staging.ibermusicas.org\/index.php\/wp-json\/wp\/v2\/comments?post=25151"}],"version-history":[{"count":1,"href":"http:\/\/staging.ibermusicas.org\/index.php\/wp-json\/wp\/v2\/posts\/25151\/revisions"}],"predecessor-version":[{"id":25153,"href":"http:\/\/staging.ibermusicas.org\/index.php\/wp-json\/wp\/v2\/posts\/25151\/revisions\/25153"}],"wp:featuredmedia":[{"embeddable":true,"href":"http:\/\/staging.ibermusicas.org\/index.php\/wp-json\/wp\/v2\/media\/25152"}],"wp:attachment":[{"href":"http:\/\/staging.ibermusicas.org\/index.php\/wp-json\/wp\/v2\/media?parent=25151"}],"wp:term":[{"taxonomy":"category","embeddable":true,"href":"http:\/\/staging.ibermusicas.org\/index.php\/wp-json\/wp\/v2\/categories?post=25151"},{"taxonomy":"post_tag","embeddable":true,"href":"http:\/\/staging.ibermusicas.org\/index.php\/wp-json\/wp\/v2\/tags?post=25151"}],"curies":[{"name":"wp","href":"https:\/\/api.w.org\/{rel}","templated":true}]}}