{"id":25156,"date":"2025-07-17T17:33:40","date_gmt":"2025-07-17T17:33:40","guid":{"rendered":"http:\/\/staging.ibermusicas.org\/?p=25156"},"modified":"2025-07-17T17:33:43","modified_gmt":"2025-07-17T17:33:43","slug":"la-guitarrista-chilena-tamara-paz-canales-inicia-su-curso-de-perfeccionamiento-con-la-pianista-ania-paz-en-alemania","status":"publish","type":"post","link":"http:\/\/staging.ibermusicas.org\/index.php\/la-guitarrista-chilena-tamara-paz-canales-inicia-su-curso-de-perfeccionamiento-con-la-pianista-ania-paz-en-alemania\/","title":{"rendered":"La guitarrista chilena Tamara Paz Canales inicia su curso de perfeccionamiento con la pianista Ania Paz en Alemania"},"content":{"rendered":"\n<p>El curso de perfeccionamiento en jazz con la pianista Ania Paz en Berl\u00edn, reconocida por su trayectoria musical como instrumentista, compositora y docente de alto nivel, tendr\u00e1 una duraci\u00f3n de seis meses y se enfocar\u00e1 en armon\u00eda moderna, improvisaci\u00f3n y composici\u00f3n<\/p>\n\n\n\n<p>Tamara Paz comenz\u00f3 a tocar guitarra a los 12 a\u00f1os, a los 14 a\u00f1os se integr\u00f3 como estudiante a la reconocida agrupaci\u00f3n \u201cConchal\u00ed Big Band\u201d Posteriormente, consolid\u00f3 sus estudios en el Instituto Profesional Projazz, donde se titul\u00f3 como Int\u00e9rprete en Jazz y M\u00fasica Popular con menci\u00f3n en guitarra el\u00e9ctrica. A lo largo de su carrera, ha participado en la grabaci\u00f3n de varios discos como int\u00e9rprete y arreglista. Lidera su propio proyecto de jazz \u00abTamara Paz Quinteto\u00bb, con el cual lanz\u00f3 un disco.<\/p>\n\n\n\n<p>Tamara Paz Canales realiza su curso de perfeccionamiento gracias al apoyo del Programa Iberm\u00fasicas a trav\u00e9s de su l\u00ednea de \u201cAyuda a la especializaci\u00f3n y el perfeccionamiento art\u00edstico y t\u00e9cnico\u201d, convocatoria 2024.<\/p>\n","protected":false},"excerpt":{"rendered":"<p>El curso de perfeccionamiento en jazz con la pianista Ania Paz en Berl\u00edn, reconocida por su trayectoria musical como instrumentista, compositora y docente de alto nivel, tendr\u00e1 una duraci\u00f3n de seis meses y se enfocar\u00e1 en armon\u00eda moderna, improvisaci\u00f3n y composici\u00f3n Tamara Paz comenz\u00f3 a tocar guitarra a los 12 a\u00f1os, a los 14 a\u00f1os [&hellip;]<\/p>\n","protected":false},"author":7,"featured_media":25157,"comment_status":"closed","ping_status":"closed","sticky":false,"template":"","format":"standard","meta":{"footnotes":""},"categories":[53],"tags":[],"class_list":["post-25156","post","type-post","status-publish","format-standard","has-post-thumbnail","hentry","category-noticias-generales"],"lang":"es","translations":{"es":25156},"pll_sync_post":[],"post_mailing_queue_ids":[],"_links":{"self":[{"href":"http:\/\/staging.ibermusicas.org\/index.php\/wp-json\/wp\/v2\/posts\/25156","targetHints":{"allow":["GET"]}}],"collection":[{"href":"http:\/\/staging.ibermusicas.org\/index.php\/wp-json\/wp\/v2\/posts"}],"about":[{"href":"http:\/\/staging.ibermusicas.org\/index.php\/wp-json\/wp\/v2\/types\/post"}],"author":[{"embeddable":true,"href":"http:\/\/staging.ibermusicas.org\/index.php\/wp-json\/wp\/v2\/users\/7"}],"replies":[{"embeddable":true,"href":"http:\/\/staging.ibermusicas.org\/index.php\/wp-json\/wp\/v2\/comments?post=25156"}],"version-history":[{"count":1,"href":"http:\/\/staging.ibermusicas.org\/index.php\/wp-json\/wp\/v2\/posts\/25156\/revisions"}],"predecessor-version":[{"id":25158,"href":"http:\/\/staging.ibermusicas.org\/index.php\/wp-json\/wp\/v2\/posts\/25156\/revisions\/25158"}],"wp:featuredmedia":[{"embeddable":true,"href":"http:\/\/staging.ibermusicas.org\/index.php\/wp-json\/wp\/v2\/media\/25157"}],"wp:attachment":[{"href":"http:\/\/staging.ibermusicas.org\/index.php\/wp-json\/wp\/v2\/media?parent=25156"}],"wp:term":[{"taxonomy":"category","embeddable":true,"href":"http:\/\/staging.ibermusicas.org\/index.php\/wp-json\/wp\/v2\/categories?post=25156"},{"taxonomy":"post_tag","embeddable":true,"href":"http:\/\/staging.ibermusicas.org\/index.php\/wp-json\/wp\/v2\/tags?post=25156"}],"curies":[{"name":"wp","href":"https:\/\/api.w.org\/{rel}","templated":true}]}}