{"id":25161,"date":"2025-07-17T17:36:12","date_gmt":"2025-07-17T17:36:12","guid":{"rendered":"http:\/\/staging.ibermusicas.org\/?p=25161"},"modified":"2025-07-21T16:18:43","modified_gmt":"2025-07-21T16:18:43","slug":"la-pianista-y-estudiante-de-clavecin-chilena-matilde-mendez-zenteno-inicia-sus-clases-intensivas-de-clavicordio-con-valentina-villasenor","status":"publish","type":"post","link":"http:\/\/staging.ibermusicas.org\/index.php\/la-pianista-y-estudiante-de-clavecin-chilena-matilde-mendez-zenteno-inicia-sus-clases-intensivas-de-clavicordio-con-valentina-villasenor\/","title":{"rendered":"La pianista y estudiante de clavec\u00edn chilena Matilde M\u00e9ndez Zenteno inicia sus Clases Intensivas de Clavicordio con Valentina Villase\u00f1or\u00bb"},"content":{"rendered":"\n<p>Este curso intensivo tiene como objetivo profundizar en la t\u00e9cnica del clavicordio, combinando un enfoque te\u00f3rico y pr\u00e1ctico basado en fuentes hist\u00f3ricas del siglo XVIII y principios del XIX, un per\u00edodo clave para el desarrollo de este instrumento.<\/p>\n\n\n\n<p>El curso se centra en el desarrollo de una t\u00e9cnica precisa y un sonido \u00abcantabile\u00bb, considerado el ideal en el repertorio de la \u00e9poca. Adem\u00e1s, se subraya la importancia del clavicordio dentro del universo de los instrumentos de teclados hist\u00f3ricos, destac\u00e1ndose por su capacidad para desarrollar una t\u00e9cnica de teclado sumamente precisa y controlada. El clavicordio ha sido valorado a lo largo de los siglos por su habilidad para producir variaciones din\u00e1micas sutiles y un control directo sobre el sonido. Este instrumento ha jugado un papel clave en la formaci\u00f3n de m\u00fasicos de tecla, y su estudio no solo beneficia la interpretaci\u00f3n en clavicordio, sino que tambi\u00e9n proporciona herramientas \u00fatiles para otros instrumentos de teclado hist\u00f3ricos, como el clavec\u00edn, el \u00f3rgano e incluso el piano.<\/p>\n\n\n\n<p>Matilde M\u00e9ndez realiz\u00f3 sus estudios de piano en la Universidad de Chile bajo la tutela de Svetlana Kotova. En 2024, tuvo la oportunidad de realizar una pasant\u00eda en clavec\u00edn en la ciudad de Leipzig, con la profesora y clavecinista Mechthild Winter, gracias a Beca Chile Crea otorgada por el Ministerio de las Culturas y las Artes de Chile. Actualmente, cursa el segundo a\u00f1o del programa de Mag\u00edster en Interpretaci\u00f3n con especialidad en Clavec\u00edn en la Pontificia Universidad Cat\u00f3lica, en la c\u00e1tedra del profesor Camilo Brandi. En 2023, M\u00e9ndez recibi\u00f3 la beca Clavichord otorgada por la Haus Eller.<\/p>\n\n\n\n<p>Ha formado parte de varios proyectos, entre ellos el D\u00fao Violeta, junto a la pianista chilena Natalia \u00c1lvarez, dedicado a la interpretaci\u00f3n de m\u00fasica latinoamericana para cuatro manos, y \u00abRamillete Sonoro\u00bb, un d\u00fao de teclas y cuerdas pulsadas junto a Miguel Herv\u00eda, enfocado en interpretar m\u00fasica renacentista y barroca. Adem\u00e1s, en 2024 acompa\u00f1\u00f3 desde el piano al Internationaler Frauenchor de Leipzig, bajo la direcci\u00f3n de Darsy Astorga Flores.<\/p>\n\n\n\n<p>Matilde M\u00e9ndez Zenteno realiza su curso de perfeccionamiento gracias al apoyo del Programa Iberm\u00fasicas a trav\u00e9s de su l\u00ednea de \u201cAyuda a la especializaci\u00f3n y el perfeccionamiento art\u00edstico y t\u00e9cnico\u201d, convocatoria 2024.<\/p>\n","protected":false},"excerpt":{"rendered":"<p>Este curso intensivo tiene como objetivo profundizar en la t\u00e9cnica del clavicordio, combinando un enfoque te\u00f3rico y pr\u00e1ctico basado en fuentes hist\u00f3ricas del siglo XVIII y principios del XIX, un per\u00edodo clave para el desarrollo de este instrumento. El curso se centra en el desarrollo de una t\u00e9cnica precisa y un sonido \u00abcantabile\u00bb, considerado el [&hellip;]<\/p>\n","protected":false},"author":7,"featured_media":25162,"comment_status":"closed","ping_status":"closed","sticky":false,"template":"","format":"standard","meta":{"footnotes":""},"categories":[53,48],"tags":[],"class_list":["post-25161","post","type-post","status-publish","format-standard","has-post-thumbnail","hentry","category-noticias-generales","category-noticias-rotativas"],"lang":"es","translations":{"es":25161},"pll_sync_post":[],"post_mailing_queue_ids":[],"_links":{"self":[{"href":"http:\/\/staging.ibermusicas.org\/index.php\/wp-json\/wp\/v2\/posts\/25161","targetHints":{"allow":["GET"]}}],"collection":[{"href":"http:\/\/staging.ibermusicas.org\/index.php\/wp-json\/wp\/v2\/posts"}],"about":[{"href":"http:\/\/staging.ibermusicas.org\/index.php\/wp-json\/wp\/v2\/types\/post"}],"author":[{"embeddable":true,"href":"http:\/\/staging.ibermusicas.org\/index.php\/wp-json\/wp\/v2\/users\/7"}],"replies":[{"embeddable":true,"href":"http:\/\/staging.ibermusicas.org\/index.php\/wp-json\/wp\/v2\/comments?post=25161"}],"version-history":[{"count":1,"href":"http:\/\/staging.ibermusicas.org\/index.php\/wp-json\/wp\/v2\/posts\/25161\/revisions"}],"predecessor-version":[{"id":25163,"href":"http:\/\/staging.ibermusicas.org\/index.php\/wp-json\/wp\/v2\/posts\/25161\/revisions\/25163"}],"wp:featuredmedia":[{"embeddable":true,"href":"http:\/\/staging.ibermusicas.org\/index.php\/wp-json\/wp\/v2\/media\/25162"}],"wp:attachment":[{"href":"http:\/\/staging.ibermusicas.org\/index.php\/wp-json\/wp\/v2\/media?parent=25161"}],"wp:term":[{"taxonomy":"category","embeddable":true,"href":"http:\/\/staging.ibermusicas.org\/index.php\/wp-json\/wp\/v2\/categories?post=25161"},{"taxonomy":"post_tag","embeddable":true,"href":"http:\/\/staging.ibermusicas.org\/index.php\/wp-json\/wp\/v2\/tags?post=25161"}],"curies":[{"name":"wp","href":"https:\/\/api.w.org\/{rel}","templated":true}]}}