{"id":2719,"date":"2020-02-01T16:40:45","date_gmt":"2020-02-01T16:40:45","guid":{"rendered":"http:\/\/35.173.133.8\/?p=2719"},"modified":"2020-05-15T16:46:29","modified_gmt":"2020-05-15T16:46:29","slug":"la-agrupacion-argentina-ninfas-continua-con-su-gira-mexico-2020-2","status":"publish","type":"post","link":"http:\/\/staging.ibermusicas.org\/index.php\/la-agrupacion-argentina-ninfas-continua-con-su-gira-mexico-2020-2\/","title":{"rendered":"La agrupaci\u00f3n argentina Ninfas contin\u00faa con su gira M\u00e9xico 2020"},"content":{"rendered":"<p><span data-sheets-value=\"{&quot;1&quot;:2,&quot;2&quot;:&quot;Ninfas, la agrupaci\u00f3n argentina de \u201cCumbia Diversa\u201d despliega su \u201cGira Cumbia Empoderada 2020\u201d que se extender\u00e1 hasta el mes de abril por una gran cantidad de escenarios mexicanos.&quot;}\" data-sheets-userformat=\"{&quot;2&quot;:513,&quot;3&quot;:{&quot;1&quot;:0},&quot;12&quot;:0}\">Ninfas, la agrupaci\u00f3n argentina de \u201cCumbia Diversa\u201d despliega su \u201cGira Cumbia Empoderada 2020\u201d que se extender\u00e1 hasta el mes de abril por una gran cantidad de escenarios mexicanos.<\/span><\/p>\n<p>Ninfas es una banda argentina que se conform\u00f3 en 2015 como un grupo de m\u00fasicas que llegan a la escena cordobesa para visibilizar e interpretar en clave de cumbia el lugar de las mujeres en la m\u00fasica popular y en los escenarios locales. El mensaje de la banda es el resultado de la b\u00fasqueda por manifestar lo plural y lo colectivo, incitando a quienes liberan, gozan y transforman el mundo usando la m\u00fasica como una poderosa medicina y un posible canal de revoluci\u00f3n.<\/p>\n<p>Con una s\u00f3lida carrera autogestiva, Ninfas recorre todo tipo de festivales y encuentros impulsando la inserci\u00f3n y valoraci\u00f3n de las mujeres e identidades disidentes en cada una de las instancias del circuito cultural. Luego de su EP hom\u00f3nimo en 2016, Ninfas lanz\u00f3 en 2019 su primer \u00e1lbum digital \u00abCumbia Diversa\u00bb con canciones propias y sonidos disidentes que contrastan con la formas y sentidos que tradicionalmente conforman la cultura de la cumbia.<\/p>\n<p>\u2022 Mi\u00e9rcoles 5 de febrero 22:00 hs. Ice Cream Bar, Tulum<\/p>\n","protected":false},"excerpt":{"rendered":"<p>Ninfas, la agrupaci\u00f3n argentina de \u201cCumbia Diversa\u201d despliega su \u201cGira Cumbia Empoderada 2020\u201d que se extender\u00e1 hasta el mes de abril por una gran cantidad de escenarios mexicanos. Ninfas es una banda argentina que se conform\u00f3 en 2015 como un grupo de m\u00fasicas que llegan a la escena cordobesa para visibilizar e interpretar en clave [&hellip;]<\/p>\n","protected":false},"author":1,"featured_media":2721,"comment_status":"closed","ping_status":"closed","sticky":false,"template":"","format":"standard","meta":{"footnotes":""},"categories":[218],"tags":[],"class_list":["post-2719","post","type-post","status-publish","format-standard","has-post-thumbnail","hentry","category-noticias-generales-pt"],"lang":"pt","translations":{"pt":2719,"es":2717},"pll_sync_post":[],"post_mailing_queue_ids":[],"_links":{"self":[{"href":"http:\/\/staging.ibermusicas.org\/index.php\/wp-json\/wp\/v2\/posts\/2719","targetHints":{"allow":["GET"]}}],"collection":[{"href":"http:\/\/staging.ibermusicas.org\/index.php\/wp-json\/wp\/v2\/posts"}],"about":[{"href":"http:\/\/staging.ibermusicas.org\/index.php\/wp-json\/wp\/v2\/types\/post"}],"author":[{"embeddable":true,"href":"http:\/\/staging.ibermusicas.org\/index.php\/wp-json\/wp\/v2\/users\/1"}],"replies":[{"embeddable":true,"href":"http:\/\/staging.ibermusicas.org\/index.php\/wp-json\/wp\/v2\/comments?post=2719"}],"version-history":[{"count":1,"href":"http:\/\/staging.ibermusicas.org\/index.php\/wp-json\/wp\/v2\/posts\/2719\/revisions"}],"predecessor-version":[{"id":2720,"href":"http:\/\/staging.ibermusicas.org\/index.php\/wp-json\/wp\/v2\/posts\/2719\/revisions\/2720"}],"wp:featuredmedia":[{"embeddable":true,"href":"http:\/\/staging.ibermusicas.org\/index.php\/wp-json\/wp\/v2\/media\/2721"}],"wp:attachment":[{"href":"http:\/\/staging.ibermusicas.org\/index.php\/wp-json\/wp\/v2\/media?parent=2719"}],"wp:term":[{"taxonomy":"category","embeddable":true,"href":"http:\/\/staging.ibermusicas.org\/index.php\/wp-json\/wp\/v2\/categories?post=2719"},{"taxonomy":"post_tag","embeddable":true,"href":"http:\/\/staging.ibermusicas.org\/index.php\/wp-json\/wp\/v2\/tags?post=2719"}],"curies":[{"name":"wp","href":"https:\/\/api.w.org\/{rel}","templated":true}]}}