{"id":2753,"date":"2020-02-01T17:44:48","date_gmt":"2020-02-01T17:44:48","guid":{"rendered":"http:\/\/35.173.133.8\/?p=2753"},"modified":"2020-05-15T17:45:21","modified_gmt":"2020-05-15T17:45:21","slug":"el-taller-la-bola-de-ecuador-realiza-su-tour-bolivia-2020-celebrando-los-los-25-anos-de-la-fundacion-wayna-tambo-red-de-la-diversidad-de-bolivia-2","status":"publish","type":"post","link":"http:\/\/staging.ibermusicas.org\/index.php\/el-taller-la-bola-de-ecuador-realiza-su-tour-bolivia-2020-celebrando-los-los-25-anos-de-la-fundacion-wayna-tambo-red-de-la-diversidad-de-bolivia-2\/","title":{"rendered":"El Taller La Bola de Ecuador realiza su Tour Bolivia 2020 celebrando los los 25 a\u00f1os de la Fundaci\u00f3n Wayna Tambo &#8211; Red de la Diversidad de Bolivia"},"content":{"rendered":"<p>El Taller La Bola es un centro de aprendizaje multidisciplinario, encaminado al campo de la m\u00fasica e investigaci\u00f3n.<\/p>\n<p>Por m\u00e1s de veinticinco a\u00f1os ha realizado un trabajo de estudio y divulgaci\u00f3n sobre la sonoridad precolombina ecuatoriana, a trav\u00e9s de espect\u00e1culos, conciertos y talleres pedag\u00f3gicos donde se ejecutan instrumentos arqueol\u00f3gicos originales provenientes de la colecci\u00f3n privada compilada por su fundador, Luis Oquendo Robayo, con el inter\u00e9s en contribuir al desarrollo de la cultura y la educaci\u00f3n en Ecuador, Latinoam\u00e9rica y el mundo.<\/p>\n<p>Uno de los m\u00e1s ambiciosos resultados del trabajo de Oquendo Robayo, ha sido crear un m\u00e9todo especializado para tocar instrumentos que tienen entre 2500 a 500 a\u00f1os de antig\u00fcedad. Este prop\u00f3sito ha sido acogido por el equipo humano que ahora continua con su legado y lleva adelante la misi\u00f3n de brindar al mundo una nueva directriz para percibir la vida desde la sonoridad ancestral y a la vez apreciar los alt\u00edsimos conocimientos a nivel cient\u00edfico y tecnol\u00f3gico de las culturas precolombinas.<\/p>\n<p>En esta gira se encontrar\u00e1n concepci\u00f3n la Fundaci\u00f3n Wayna Tambo &#8211; Red de la Diversidad de Bolivia en busca de una Inmersi\u00f3n en la cultura ancestral de Bolivia y su di\u00e1logo con las sabidur\u00edas del Ecuador.<\/p>\n<p>\u2022 Del jueves 20 al mi\u00e9rcoles 26 de febrero, vivencias culturales de intercambio en El Alto, La Paz, Oruro y Tarija<br \/>\n\u2022 Del jueves 27 al s\u00e1bado 29 de febrero, conciertos y talleres en El Alto<br \/>\n\u2022 Del martes 3 al jueves 5 de marzo, conciertos y talleres en Tarija<br \/>\n\u2022 Del s\u00e1bado 7 al lunes 9 de marzo, conciertos y talleres en Sucre<br \/>\n\u2022 Del mi\u00e9rcoles 11 al 14 s\u00e1bado de marzo encuentros comunitarios y Talleres en La Paz<br \/>\n\u2022 Viernes 13 de marzo Concierto de cierre en El Alto<\/p>\n","protected":false},"excerpt":{"rendered":"<p>El Taller La Bola es un centro de aprendizaje multidisciplinario, encaminado al campo de la m\u00fasica e investigaci\u00f3n. Por m\u00e1s de veinticinco a\u00f1os ha realizado un trabajo de estudio y divulgaci\u00f3n sobre la sonoridad precolombina ecuatoriana, a trav\u00e9s de espect\u00e1culos, conciertos y talleres pedag\u00f3gicos donde se ejecutan instrumentos arqueol\u00f3gicos originales provenientes de la colecci\u00f3n privada [&hellip;]<\/p>\n","protected":false},"author":1,"featured_media":2751,"comment_status":"closed","ping_status":"closed","sticky":false,"template":"","format":"standard","meta":{"footnotes":""},"categories":[218],"tags":[],"class_list":["post-2753","post","type-post","status-publish","format-standard","has-post-thumbnail","hentry","category-noticias-generales-pt"],"lang":"pt","translations":{"pt":2753},"pll_sync_post":[],"post_mailing_queue_ids":[],"_links":{"self":[{"href":"http:\/\/staging.ibermusicas.org\/index.php\/wp-json\/wp\/v2\/posts\/2753","targetHints":{"allow":["GET"]}}],"collection":[{"href":"http:\/\/staging.ibermusicas.org\/index.php\/wp-json\/wp\/v2\/posts"}],"about":[{"href":"http:\/\/staging.ibermusicas.org\/index.php\/wp-json\/wp\/v2\/types\/post"}],"author":[{"embeddable":true,"href":"http:\/\/staging.ibermusicas.org\/index.php\/wp-json\/wp\/v2\/users\/1"}],"replies":[{"embeddable":true,"href":"http:\/\/staging.ibermusicas.org\/index.php\/wp-json\/wp\/v2\/comments?post=2753"}],"version-history":[{"count":1,"href":"http:\/\/staging.ibermusicas.org\/index.php\/wp-json\/wp\/v2\/posts\/2753\/revisions"}],"predecessor-version":[{"id":2754,"href":"http:\/\/staging.ibermusicas.org\/index.php\/wp-json\/wp\/v2\/posts\/2753\/revisions\/2754"}],"wp:featuredmedia":[{"embeddable":true,"href":"http:\/\/staging.ibermusicas.org\/index.php\/wp-json\/wp\/v2\/media\/2751"}],"wp:attachment":[{"href":"http:\/\/staging.ibermusicas.org\/index.php\/wp-json\/wp\/v2\/media?parent=2753"}],"wp:term":[{"taxonomy":"category","embeddable":true,"href":"http:\/\/staging.ibermusicas.org\/index.php\/wp-json\/wp\/v2\/categories?post=2753"},{"taxonomy":"post_tag","embeddable":true,"href":"http:\/\/staging.ibermusicas.org\/index.php\/wp-json\/wp\/v2\/tags?post=2753"}],"curies":[{"name":"wp","href":"https:\/\/api.w.org\/{rel}","templated":true}]}}