{"id":2779,"date":"2020-02-19T20:00:01","date_gmt":"2020-02-19T20:00:01","guid":{"rendered":"http:\/\/35.173.133.8\/?p=2779"},"modified":"2020-05-19T20:00:20","modified_gmt":"2020-05-19T20:00:20","slug":"desde-ecuador-grecia-alban-viaja-a-argentina-para-presentarse-en-buenos-aires-y-en-varias-ciudades-de-la-patagonia-2","status":"publish","type":"post","link":"http:\/\/staging.ibermusicas.org\/index.php\/desde-ecuador-grecia-alban-viaja-a-argentina-para-presentarse-en-buenos-aires-y-en-varias-ciudades-de-la-patagonia-2\/","title":{"rendered":"Desde Ecuador Grecia Alb\u00e1n viaja a Argentina para presentarse en Buenos Aires y en varias ciudades de la Patagonia"},"content":{"rendered":"<p>Grecia Alb\u00e1n combina m\u00fasica tradicional ecuatoriana, folklore latinoamericano, improvisaci\u00f3n libre e influencias contempor\u00e1neas. Celebra el mestizaje latinoamericano en una propuesta de alto contenido po\u00e9tico.<\/p>\n<p>Mamahuaco, su primer trabajo discogr\u00e1fico como solista, integra sonidos de la m\u00fasica tradicional ecuatoriana con elementos de la m\u00fasica contempor\u00e1nea y abre la memoria del antiguo potencial femenino que protege la herencia de los ancestros andinos y los defiende con amor, dignidad y m\u00fasica.<\/p>\n<p>Despu\u00e9s de una amplia carrera musical que ha incluido participaciones con m\u00fasicos y bandas con todo tipo de sonoridades, Grecia Alb\u00e1n lanz\u00f3 su primer trabajo solista, Mamahuaco, con un sonido profundamente andino. Para Grecia esta m\u00fasica est\u00e1 en sus ra\u00edces, es la m\u00fasica que escuch\u00f3 desde ni\u00f1a en Cotopaxi, su lugar de origen. Estos aires andinos se fusionan tambi\u00e9n con colores de la costa y de la m\u00fasica contempor\u00e1nea.<\/p>\n<p>Mamahuaco es un personaje de un mito Inca que representa a la mujer insumisa, que no teme al fr\u00edo, al trabajo y que es libre. Trae consigo un mensaje sobre el poder de la oralidad y sobre las formas en que resuena dentro de quien lo escucha. \u201cYo soy chola, yo soy longa, yo soy andina, yo soy mestiza, yo soy negra, yo soy todo. Todo eso est\u00e1 adentro m\u00edo\u201d. Mamahuaco tambi\u00e9n es una celebraci\u00f3n del mestizaje, de la mezcla de lo ancestral con lo contempor\u00e1neo, de lo andino con lo global.<\/p>\n<p>\u2022 S\u00e1bado 1 febrero, concierto en Festival Mujeres a la Patagonia, Bariloche, Provincia de R\u00edo Negro, Argentina<br \/>\n\u2022 Martes 4 de febrero, taller en Centro Cultural Cotesma, Jun\u00edn de los Andes, Provincia de Neuqu\u00e9n, Argentina<br \/>\n\u2022 Mi\u00e9rcoles 5 de febrero, concierto en Fundaci\u00f3n Cruzada Patag\u00f3nica, San Mart\u00edn de los Andes, Provincia de Neuqu\u00e9n, Argentina<br \/>\n\u2022 Jueves 6 de febrero, concierto en Selina, Bariloche, Provincia de R\u00edo Negro, Argentina<br \/>\n\u2022 S\u00e1bado 8 de febrero, concierto en Casa de la Cultura La Violeta, General Roca, Provincia de R\u00edo Negro, Argentina<br \/>\n\u2022 Mi\u00e9rcoles 12 de febrero, concierto en Centro Cultural Torquato Tasso, San Telmo, Ciudad de Buenos Aires, Argentina<br \/>\n\u2022 Viernes 14 de febrero, concierto en La Bicicleta, Ituzaing\u00f3, Provincia de Buenos Aires, Argentina<br \/>\n\u2022 S\u00e1bado 15 de febrero, taller en On\u00edrica Produccciones, N\u00fa\u00f1ez, Ciudad de Buenos Aires, Argentina<\/p>\n","protected":false},"excerpt":{"rendered":"<p>Grecia Alb\u00e1n combina m\u00fasica tradicional ecuatoriana, folklore latinoamericano, improvisaci\u00f3n libre e influencias contempor\u00e1neas. Celebra el mestizaje latinoamericano en una propuesta de alto contenido po\u00e9tico. Mamahuaco, su primer trabajo discogr\u00e1fico como solista, integra sonidos de la m\u00fasica tradicional ecuatoriana con elementos de la m\u00fasica contempor\u00e1nea y abre la memoria del antiguo potencial femenino que protege la [&hellip;]<\/p>\n","protected":false},"author":1,"featured_media":2777,"comment_status":"closed","ping_status":"closed","sticky":false,"template":"","format":"standard","meta":{"footnotes":""},"categories":[218],"tags":[],"class_list":["post-2779","post","type-post","status-publish","format-standard","has-post-thumbnail","hentry","category-noticias-generales-pt"],"lang":"pt","translations":{"pt":2779},"pll_sync_post":[],"post_mailing_queue_ids":[],"_links":{"self":[{"href":"http:\/\/staging.ibermusicas.org\/index.php\/wp-json\/wp\/v2\/posts\/2779","targetHints":{"allow":["GET"]}}],"collection":[{"href":"http:\/\/staging.ibermusicas.org\/index.php\/wp-json\/wp\/v2\/posts"}],"about":[{"href":"http:\/\/staging.ibermusicas.org\/index.php\/wp-json\/wp\/v2\/types\/post"}],"author":[{"embeddable":true,"href":"http:\/\/staging.ibermusicas.org\/index.php\/wp-json\/wp\/v2\/users\/1"}],"replies":[{"embeddable":true,"href":"http:\/\/staging.ibermusicas.org\/index.php\/wp-json\/wp\/v2\/comments?post=2779"}],"version-history":[{"count":1,"href":"http:\/\/staging.ibermusicas.org\/index.php\/wp-json\/wp\/v2\/posts\/2779\/revisions"}],"predecessor-version":[{"id":2780,"href":"http:\/\/staging.ibermusicas.org\/index.php\/wp-json\/wp\/v2\/posts\/2779\/revisions\/2780"}],"wp:featuredmedia":[{"embeddable":true,"href":"http:\/\/staging.ibermusicas.org\/index.php\/wp-json\/wp\/v2\/media\/2777"}],"wp:attachment":[{"href":"http:\/\/staging.ibermusicas.org\/index.php\/wp-json\/wp\/v2\/media?parent=2779"}],"wp:term":[{"taxonomy":"category","embeddable":true,"href":"http:\/\/staging.ibermusicas.org\/index.php\/wp-json\/wp\/v2\/categories?post=2779"},{"taxonomy":"post_tag","embeddable":true,"href":"http:\/\/staging.ibermusicas.org\/index.php\/wp-json\/wp\/v2\/tags?post=2779"}],"curies":[{"name":"wp","href":"https:\/\/api.w.org\/{rel}","templated":true}]}}