{"id":2810,"date":"2020-02-20T18:51:16","date_gmt":"2020-02-20T18:51:16","guid":{"rendered":"http:\/\/35.173.133.8\/?p=2810"},"modified":"2020-05-20T18:51:31","modified_gmt":"2020-05-20T18:51:31","slug":"yamile-burich-ladies-jazz-de-argentina-se-presentan-en-el-21o-festival-jazz-blues-de-ceara-brasil-2","status":"publish","type":"post","link":"http:\/\/staging.ibermusicas.org\/index.php\/yamile-burich-ladies-jazz-de-argentina-se-presentan-en-el-21o-festival-jazz-blues-de-ceara-brasil-2\/","title":{"rendered":"Yamile Burich &#038; Ladies Jazz de Argentina se presentan en el 21\u00ba Festival Jazz &#038; Blues de Cear\u00e1, Brasil"},"content":{"rendered":"<p>Con entrada gratuita para la mayor parte de la programaci\u00f3n, el festival tendr\u00e1 lugar en Gauaramiranga, Aquiraz, Forgaliza y Maracana\u00fa. Shows, ensayos abiertos, conferencias y talleres marcan la programaci\u00f3n del tradicional Festival Jazz y Blues.<\/p>\n<p>El quinteto femenino comandado por la saxofonista Yamile Burich es uno de los grupos m\u00e1s activos en la efervescente escena de jazz de Buenos Aires. Present\u00e1ndose en concurridos jazz-clubs y festivales en varias ciudades de Argentina y en otros pa\u00edses, el grupo parte de diferentes influencias, especialmente del bebop de saxofonistas como Charlie Parker y SonnyRollins, para realizar una producci\u00f3n autoral ya registrada en discos y celebrada en innumerables espect\u00e1culos. El grupo fue el primer quinteto de jazz de Argentina formado exclusivamente por mujeres.<\/p>\n<p>Entre otras diferencias con otros grupos est\u00e1 el agregado de la percusi\u00f3n, especialmente de las congas, aportando colores latinos a la tradicional formaci\u00f3n de saxo, guitarra, contrabajo y bater\u00eda. Todo bajo la direcci\u00f3n musical de Yamile Burich, pianista de origen que, frente a la pasi\u00f3n por el jazz, se sumergi\u00f3 en el aprendizaje del saxo en la Escuela Superior de M\u00fasica de la provincia de Salta. Tambi\u00e9n estudi\u00f3 en el Instituto Superior de Arte en Cuba donde vivenci\u00f3 el jazz latino tocando en diversos grupos durante dos a\u00f1os. Luego estuvo en Londres donde complet\u00f3 su formaci\u00f3n en el Goldmiths College y en Nueva York y Nueva Orleans perfeccion\u00e1ndose mediante la vivencia directa del jazz en sus lugares de origen.<\/p>\n<p>\u2022 Martes 25 de febrero, 11:00 hs. Caf\u00e9 musical en Restaurante Bas\u00edlico, Guaramiranga, Cear\u00e1, Brasil<br \/>\n\u2022 Martes 25 de febrero, 16:30 hs. Marat\u00f3n Jazz &amp; Blues en Cidade Jazz &amp; Blues, Rua Joaquim Alves Nogueira, s\/n, Est\u00e1dio Municipal Jean Bardawil, Guaramiranga, Cear\u00e1, Brasil<br \/>\n\u2022 Domingo 23 de febrero, 10:00 hs. Taller de improvisaci\u00f3n en Tapera das Artes, Rua Ant\u00f4nio Gomes dos Santos s\/n, Aquiraz, Cear\u00e1, Brasil<br \/>\n\u2022 Domingo 23 de febrero, 21:00 hs. Show en Teatro Tapera das Artes, Rua Ant\u00f4nio Gomes dos Santos s\/n, Aquiraz, Cear\u00e1\/Brasil<\/p>\n","protected":false},"excerpt":{"rendered":"<p>Con entrada gratuita para la mayor parte de la programaci\u00f3n, el festival tendr\u00e1 lugar en Gauaramiranga, Aquiraz, Forgaliza y Maracana\u00fa. Shows, ensayos abiertos, conferencias y talleres marcan la programaci\u00f3n del tradicional Festival Jazz y Blues. El quinteto femenino comandado por la saxofonista Yamile Burich es uno de los grupos m\u00e1s activos en la efervescente escena [&hellip;]<\/p>\n","protected":false},"author":1,"featured_media":2807,"comment_status":"closed","ping_status":"closed","sticky":false,"template":"","format":"standard","meta":{"footnotes":""},"categories":[218],"tags":[],"class_list":["post-2810","post","type-post","status-publish","format-standard","has-post-thumbnail","hentry","category-noticias-generales-pt"],"lang":"pt","translations":{"pt":2810},"pll_sync_post":[],"post_mailing_queue_ids":[],"_links":{"self":[{"href":"http:\/\/staging.ibermusicas.org\/index.php\/wp-json\/wp\/v2\/posts\/2810","targetHints":{"allow":["GET"]}}],"collection":[{"href":"http:\/\/staging.ibermusicas.org\/index.php\/wp-json\/wp\/v2\/posts"}],"about":[{"href":"http:\/\/staging.ibermusicas.org\/index.php\/wp-json\/wp\/v2\/types\/post"}],"author":[{"embeddable":true,"href":"http:\/\/staging.ibermusicas.org\/index.php\/wp-json\/wp\/v2\/users\/1"}],"replies":[{"embeddable":true,"href":"http:\/\/staging.ibermusicas.org\/index.php\/wp-json\/wp\/v2\/comments?post=2810"}],"version-history":[{"count":1,"href":"http:\/\/staging.ibermusicas.org\/index.php\/wp-json\/wp\/v2\/posts\/2810\/revisions"}],"predecessor-version":[{"id":2811,"href":"http:\/\/staging.ibermusicas.org\/index.php\/wp-json\/wp\/v2\/posts\/2810\/revisions\/2811"}],"wp:featuredmedia":[{"embeddable":true,"href":"http:\/\/staging.ibermusicas.org\/index.php\/wp-json\/wp\/v2\/media\/2807"}],"wp:attachment":[{"href":"http:\/\/staging.ibermusicas.org\/index.php\/wp-json\/wp\/v2\/media?parent=2810"}],"wp:term":[{"taxonomy":"category","embeddable":true,"href":"http:\/\/staging.ibermusicas.org\/index.php\/wp-json\/wp\/v2\/categories?post=2810"},{"taxonomy":"post_tag","embeddable":true,"href":"http:\/\/staging.ibermusicas.org\/index.php\/wp-json\/wp\/v2\/tags?post=2810"}],"curies":[{"name":"wp","href":"https:\/\/api.w.org\/{rel}","templated":true}]}}