{"id":2819,"date":"2020-01-20T18:58:45","date_gmt":"2020-01-20T18:58:45","guid":{"rendered":"http:\/\/35.173.133.8\/?p=2819"},"modified":"2020-05-20T18:59:26","modified_gmt":"2020-05-20T18:59:26","slug":"la-elegante-propuesta-del-trio-nueva-colombia-llega-al-merida-fest-de-mexico-2","status":"publish","type":"post","link":"http:\/\/staging.ibermusicas.org\/index.php\/la-elegante-propuesta-del-trio-nueva-colombia-llega-al-merida-fest-de-mexico-2\/","title":{"rendered":"La elegante propuesta del \u201cTr\u00edo Nueva Colombia\u201d llega al M\u00e9rida Fest de M\u00e9xico"},"content":{"rendered":"<p>Bajo la direcci\u00f3n del pianista y compositor Germ\u00e1n Dar\u00edo P\u00e9rez con un formato de piano, tiple colombiano y contrabajo, el Tr\u00edo Nueva Colombia difunde desde 1986 la m\u00fasica instrumental de la regi\u00f3n andina de Colombia.<\/p>\n<p>Con su hermoso repertorio de bambucos, pasillos y danzas, el tr\u00edo es reconocido como uno de los ensambles de m\u00e1s alto nivel musical en Latinoam\u00e9rica. Han logrado fusionar la m\u00fasica de las monta\u00f1as colombianas con elementos de otros lenguajes y otras est\u00e9ticas musicales dentro de un formato llamativo donde vibran la m\u00fasica acad\u00e9mica y lo jazz\u00edstico endulzado con el sabor colombiano de las cuerdas del tiple.<\/p>\n<p>Llevan m\u00e1s de treinta a\u00f1os, mezclando elementos cl\u00e1sicos y universales con respeto a la tradici\u00f3n colombiana y ofreciendo una propuesta musical que exalta la originalidad y lo aut\u00f3ctono.<\/p>\n<p>\u2022 martes 21 de enero, 9:00 hs. Master Class en Auritorio del Centro Cultural Olimpo, M\u00e9rida Fest, M\u00e9xico<br \/>\n\u2022 martes 21 de enero, 11:30 hs. Encuentro interactivo de tiple colombiano en Auritorio del Centro Cultural Olimpo, M\u00e9rida Fest, M\u00e9xico<br \/>\n\u2022 jueves 23 de enero, 20:00 hs. Auditorio del Centro Cultural Olimpo, Calle 62 por 61, Centro, M\u00e9rida Fest, M\u00e9xico<br \/>\n\u2022 viernes 24 de enero 20:00 hs. Parque de Santa Luc\u00eda, Calle 60 Centro, M\u00e9rida Fest, M\u00e9xico<\/p>\n","protected":false},"excerpt":{"rendered":"<p>Bajo la direcci\u00f3n del pianista y compositor Germ\u00e1n Dar\u00edo P\u00e9rez con un formato de piano, tiple colombiano y contrabajo, el Tr\u00edo Nueva Colombia difunde desde 1986 la m\u00fasica instrumental de la regi\u00f3n andina de Colombia. Con su hermoso repertorio de bambucos, pasillos y danzas, el tr\u00edo es reconocido como uno de los ensambles de m\u00e1s [&hellip;]<\/p>\n","protected":false},"author":1,"featured_media":2817,"comment_status":"closed","ping_status":"closed","sticky":false,"template":"","format":"standard","meta":{"footnotes":""},"categories":[218],"tags":[],"class_list":["post-2819","post","type-post","status-publish","format-standard","has-post-thumbnail","hentry","category-noticias-generales-pt"],"lang":"pt","translations":{"pt":2819},"pll_sync_post":[],"post_mailing_queue_ids":[],"_links":{"self":[{"href":"http:\/\/staging.ibermusicas.org\/index.php\/wp-json\/wp\/v2\/posts\/2819","targetHints":{"allow":["GET"]}}],"collection":[{"href":"http:\/\/staging.ibermusicas.org\/index.php\/wp-json\/wp\/v2\/posts"}],"about":[{"href":"http:\/\/staging.ibermusicas.org\/index.php\/wp-json\/wp\/v2\/types\/post"}],"author":[{"embeddable":true,"href":"http:\/\/staging.ibermusicas.org\/index.php\/wp-json\/wp\/v2\/users\/1"}],"replies":[{"embeddable":true,"href":"http:\/\/staging.ibermusicas.org\/index.php\/wp-json\/wp\/v2\/comments?post=2819"}],"version-history":[{"count":1,"href":"http:\/\/staging.ibermusicas.org\/index.php\/wp-json\/wp\/v2\/posts\/2819\/revisions"}],"predecessor-version":[{"id":2820,"href":"http:\/\/staging.ibermusicas.org\/index.php\/wp-json\/wp\/v2\/posts\/2819\/revisions\/2820"}],"wp:featuredmedia":[{"embeddable":true,"href":"http:\/\/staging.ibermusicas.org\/index.php\/wp-json\/wp\/v2\/media\/2817"}],"wp:attachment":[{"href":"http:\/\/staging.ibermusicas.org\/index.php\/wp-json\/wp\/v2\/media?parent=2819"}],"wp:term":[{"taxonomy":"category","embeddable":true,"href":"http:\/\/staging.ibermusicas.org\/index.php\/wp-json\/wp\/v2\/categories?post=2819"},{"taxonomy":"post_tag","embeddable":true,"href":"http:\/\/staging.ibermusicas.org\/index.php\/wp-json\/wp\/v2\/tags?post=2819"}],"curies":[{"name":"wp","href":"https:\/\/api.w.org\/{rel}","templated":true}]}}