{"id":2941,"date":"2020-06-03T17:48:15","date_gmt":"2020-06-03T17:48:15","guid":{"rendered":"http:\/\/35.173.133.8\/?p=2941"},"modified":"2020-09-11T17:34:40","modified_gmt":"2020-09-11T17:34:40","slug":"itinerario-cancion-i-ii-y-iii-los-discos-con-los-temas-compuestos-por-las-y-los-ganadores-de-nuestro-concurso-de-cancion-popular","status":"publish","type":"post","link":"http:\/\/staging.ibermusicas.org\/index.php\/itinerario-cancion-i-ii-y-iii-los-discos-con-los-temas-compuestos-por-las-y-los-ganadores-de-nuestro-concurso-de-cancion-popular\/","title":{"rendered":"Itinerario Canci\u00f3n I, II y III: los discos con los temas compuestos por las y los ganadores de nuestro concurso de creaci\u00f3n de canci\u00f3n"},"content":{"rendered":"<p>[vc_row][vc_column][vc_column_text]<\/p>\n<div style=\"text-align: right;\"><i>\u00a0\u00abEl que crea cosas, esencias, concreta un mundo\u201d<br \/>\nRodolfo Kush<br \/>\n<\/i><\/div>\n<p>La canci\u00f3n es esa peque\u00f1a obra po\u00e9tico-musical que, desde la noche de los tiempos, acompa\u00f1a a la humanidad en todos los momentos que hacen a su residencia en la tierra: el amor, el deseo, el encuentro, la despedida, la hermandad, el trabajo, el contacto con lo divino, la lucha por la justicia o el amor a la tierra de uno. Todo aquello que es parte fundamental de la vida, de lo profundo de la vida, tiene su canci\u00f3n; porque es un acto definitorio de lo humano el elevar un canto para que, as\u00ed, la breve magia que nos brinda la uni\u00f3n entre la m\u00fasica y la poes\u00eda desate una fuerza tan poderosa que sea capaz de hacer vibrar la ra\u00edz de las almas.<\/p>\n<p>Tal vez sea la canci\u00f3n el hecho art\u00edstico m\u00e1s parecido a un ave en vuelo. Podemos imaginar las obras que integran este trabajo como aves migratorias que, vestidas con los colores de nuestras banderas, van volando de alma en alma, tejiendo una alianza de m\u00fasica y poes\u00eda entre los hombres y mujeres de nuestros pa\u00edses.<\/p>\n<p>Aqu\u00ed est\u00e1n disponibles para su escucha y descarga los discos Itinerario Canci\u00f3n I, II y III que contienen canciones compuestas por las ganadoras y los ganadores de nuestro Concurso de Creaci\u00f3n de Canci\u00f3n de las ediciones 2014, 2015 y 2016. Se trata de un amplio abanico de propuestas que se despliega en una gran diversidad de b\u00fasquedas art\u00edsticas, posturas est\u00e9ticas, propuestas po\u00e9ticas, sonidos, ritmos, historias y vivencias. Este enorme abanico tambi\u00e9n refleja en los textos de sus canciones varias de las lenguas de las naciones que integran Iberm\u00fasicas; encontraremos canciones en castellano, portugu\u00e9s, guaran\u00ed y creole.<\/p>\n<p>En sus distintas ediciones han sido parte de los jurados internacionales de nuestros concursos: \u00a0Lila Downs (M\u00e9xico), Susana Baca (Per\u00fa), Cecilia Todd (Venezuela), Marta G\u00f3mez (Colombia), Liuba Mar\u00eda Hevia (Cuba), Mariela Condo (Ecuador), Emma Junaro (Bolivia), Mar\u00eda del Carmen Le\u00f1ero Elu (M\u00e9xico), Argelia Fragoso (Cuba), Lizza Bogado (Paraguay), Le\u00f3n Gieco (Argentina), Nano Stern (Chile), Juan Campod\u00f3nico (Uruguay), Jorge Ch\u00e1vez (Honduras), Sergio Natureza (Brasil), Carlos Noguera (Paraguay) y Horacio Salinas (Chile)<\/p>\n<p>Con este concurso de canci\u00f3n, Iberm\u00fasicas se propone impulsar y promover la creaci\u00f3n de m\u00fasica popular contribuyendo a la ampliaci\u00f3n del repertorio iberoamericano en toda su hermosa diversidad, incentivando una plena libertad creativa.<\/p>\n<p>Creemos que puede ser hermoso encontrarnos aqu\u00ed, al calor y a la luz de las canciones creadas y cantadas por nuestras hermanas y nuestros hermanos de la regi\u00f3n Iberoamericana.[\/vc_column_text]<\/p>\n<p>[vc_btn title=\u00bbItinerario Canci\u00f3n I\u00bb color=\u00bbsky\u00bb link=\u00bburl:https%3A%2F%2Fgroovelistapplication2.s3.amazonaws.com%2FIberm%C3%BAsicas%2Fwp-uploads%2F1-%2BDisco%2Bde%2Bcancion%2Bpopular%2BIBERMUSICAS.zip||target:%20_blank|\u00bb]<\/p>\n<p>[vc_btn title=\u00bbItinerario Canci\u00f3n II\u00bb color=\u00bbsky\u00bb link=\u00bburl:https%3A%2F%2Fgroovelistapplication2.s3.amazonaws.com%2FIberm%C3%BAsicas%2Fwp-uploads%2FDISCO%2BITINERARIO%2BII.zip||target:%20_blank|\u00bb]<\/p>\n<p>[vc_btn title=\u00bbItinerario Canci\u00f3n III\u00bb color=\u00bbsky\u00bb link=\u00bburl:https%3A%2F%2Fgroovelistapplication2.s3.amazonaws.com%2FIberm%C3%BAsicas%2Fwp-uploads%2FItinerario%2BIII.zip||target:%20_blank|\u00bb][\/vc_column][\/vc_row]<\/p>\n","protected":false},"excerpt":{"rendered":"<p>[vc_row][vc_column][vc_column_text] \u00a0\u00abEl que crea cosas, esencias, concreta un mundo\u201d Rodolfo Kush La canci\u00f3n es esa peque\u00f1a obra po\u00e9tico-musical que, desde la noche de los tiempos, acompa\u00f1a a la humanidad en todos los momentos que hacen a su residencia en la tierra: el amor, el deseo, el encuentro, la despedida, la hermandad, el trabajo, el contacto [&hellip;]<\/p>\n","protected":false},"author":1,"featured_media":3011,"comment_status":"closed","ping_status":"closed","sticky":false,"template":"","format":"standard","meta":{"footnotes":""},"categories":[53],"tags":[],"class_list":["post-2941","post","type-post","status-publish","format-standard","has-post-thumbnail","hentry","category-noticias-generales"],"lang":"es","translations":{"es":2941},"pll_sync_post":[],"post_mailing_queue_ids":[],"_links":{"self":[{"href":"http:\/\/staging.ibermusicas.org\/index.php\/wp-json\/wp\/v2\/posts\/2941","targetHints":{"allow":["GET"]}}],"collection":[{"href":"http:\/\/staging.ibermusicas.org\/index.php\/wp-json\/wp\/v2\/posts"}],"about":[{"href":"http:\/\/staging.ibermusicas.org\/index.php\/wp-json\/wp\/v2\/types\/post"}],"author":[{"embeddable":true,"href":"http:\/\/staging.ibermusicas.org\/index.php\/wp-json\/wp\/v2\/users\/1"}],"replies":[{"embeddable":true,"href":"http:\/\/staging.ibermusicas.org\/index.php\/wp-json\/wp\/v2\/comments?post=2941"}],"version-history":[{"count":10,"href":"http:\/\/staging.ibermusicas.org\/index.php\/wp-json\/wp\/v2\/posts\/2941\/revisions"}],"predecessor-version":[{"id":2980,"href":"http:\/\/staging.ibermusicas.org\/index.php\/wp-json\/wp\/v2\/posts\/2941\/revisions\/2980"}],"wp:featuredmedia":[{"embeddable":true,"href":"http:\/\/staging.ibermusicas.org\/index.php\/wp-json\/wp\/v2\/media\/3011"}],"wp:attachment":[{"href":"http:\/\/staging.ibermusicas.org\/index.php\/wp-json\/wp\/v2\/media?parent=2941"}],"wp:term":[{"taxonomy":"category","embeddable":true,"href":"http:\/\/staging.ibermusicas.org\/index.php\/wp-json\/wp\/v2\/categories?post=2941"},{"taxonomy":"post_tag","embeddable":true,"href":"http:\/\/staging.ibermusicas.org\/index.php\/wp-json\/wp\/v2\/tags?post=2941"}],"curies":[{"name":"wp","href":"https:\/\/api.w.org\/{rel}","templated":true}]}}