{"id":2981,"date":"2020-06-04T21:56:47","date_gmt":"2020-06-04T21:56:47","guid":{"rendered":"http:\/\/staging.ibermusicas.org\/?p=2981"},"modified":"2020-09-16T11:32:23","modified_gmt":"2020-09-16T11:32:23","slug":"itinerario-cancion-i-ii-y-iii-los-discos-con-los-temas-compuestos-por-las-y-los-ganadores-de-nuestro-concurso-de-creacion-de-cancion","status":"publish","type":"post","link":"http:\/\/staging.ibermusicas.org\/index.php\/itinerario-cancion-i-ii-y-iii-los-discos-con-los-temas-compuestos-por-las-y-los-ganadores-de-nuestro-concurso-de-creacion-de-cancion\/","title":{"rendered":"Itiner\u00e1rio Can\u00e7\u00e3o I, II e III: os \u00e1lbuns com as m\u00fasicas compostas pelos vencedores do nosso concurso de cria\u00e7\u00e3o de can\u00e7\u00e3o"},"content":{"rendered":"<div style=\"text-align: left;\">\n<div style=\"text-align: right;\"><i>\u00abAquele que cria coisas, ess\u00eancias, concreta um mundo\u00bb<br \/>\nRodolfo Kush<\/i><\/div>\n<p>A can\u00e7\u00e3o \u00e9 essa pequena obra po\u00e9tico-musical que, desde os tempos remotos, acompanha a humanidade em todos os momentos de sua resid\u00eancia na terra: no amor, no desejo, no encontro, na despedida, na irmandade, no trabalho, no contato com o divino, na luta pela justi\u00e7a, ou o amor \u00e0 terra. Tudo aquilo que faz parte da vida, do mais profundo da vida, tem sua can\u00e7\u00e3o, porque \u00e9 um ato definidor do humano o elevar um canto para que, assim, a breve magia que nos brinda a uni\u00e3o entre a m\u00fasica e a poesia resulte em uma for\u00e7a t\u00e3o poderosa que seja capaz de fazer vibrar a raiz das almas.<\/p>\n<p>Talvez seja a can\u00e7\u00e3o o feito art\u00edstico mais parecido a uma ave em seu v\u00f4o. Podemos imaginar as obras que integram este trabalho como aves migrat\u00f3rias que, vestidas com as cores das nossas bandeiras, seguem voando de alma em alma, tecendo uma alian\u00e7a de m\u00fasica e poesia entre os homens e mulheres dos nossos pa\u00edses.<\/p>\n<p>Aqui est\u00e3o dispon\u00edveis para ouvir e baixar os discos Itinerario Canci\u00f3n I, II e III que cont\u00eam as m\u00fasicas compostas pelas vencedoras e vencedores do nosso Concurso de Cria\u00e7\u00e3o de Can\u00e7\u00e3o para as edi\u00e7\u00f5es de 2014, 2015 e 2016. Trata-se de uma ampla gama de propostas que se desdobram em uma grande diversidade de buscas art\u00edsticas, posi\u00e7\u00f5es est\u00e9ticas, propostas po\u00e9ticas, sons, ritmos, hist\u00f3rias e experi\u00eancias. Este enorme leque tamb\u00e9m reflete, nos textos de suas can\u00e7\u00f5es, v\u00e1rias das l\u00ednguas das na\u00e7\u00f5es que comp\u00f5em Iberm\u00fasicas; vamos encontrar m\u00fasicas em espanhol, portugu\u00eas, guarani e creole.<\/p>\n<p>Nas suas diferentes edi\u00e7\u00f5es, fizeram parte dos j\u00faris internacionais dos nossos concursos: Lila Downs (M\u00e9xico), Susana Baca (Peru), Cecilia Todd (Venezuela), Marta G\u00f3mez (Col\u00f4mbia), Liuba Mar\u00eda Hevia (Cuba), Mariela Condo (Equador), Emma Junaro (Bol\u00edvia), Mar\u00eda del Carmen Le\u00f1ero Elu (M\u00e9xico), Argelia Fragoso (Cuba), Lizza Bogado (Paraguai), Le\u00f3n Gieco (Argentina), Nano Stern (Chile), Juan Campod\u00f3nico (Uruguai), Jorge Ch\u00e1vez (Honduras), Sergio Natureza (Brasil), Carlos Noguera (Paraguai) e Horacio Salinas (Chile)<\/p>\n<p>Com este concurso de can\u00e7\u00f5es, Iberm\u00fasicas pretende promover e impulsionar a cria\u00e7\u00e3o da m\u00fasica popular, contribuindo para a expans\u00e3o do repert\u00f3rio ibero-americano em toda a sua bela diversidade e incentivando a plena liberdade criativa.<\/p>\n<p>Acreditamos que pode ser bonito nos encontrar aqui, no calor e na luz das can\u00e7\u00f5es criadas e cantadas por nossas irm\u00e3s e nossos irm\u00e3os da regi\u00e3o ibero-americana.<\/p>\n<\/div>\n<p>[vc_btn title=\u00bbItiner\u00e1rio Can\u00e7\u00e3o I\u00bb color=\u00bbsky\u00bb link=\u00bburl:https%3A%2F%2Fgroovelistapplication2.s3.amazonaws.com%2FIberm%C3%BAsicas%2Fwp-uploads%2F1-%2BDisco%2Bde%2Bcancion%2Bpopular%2BIBERMUSICAS.zip||target:%20_blank|\u00bb]<\/p>\n<p>[vc_btn title=\u00bbItiner\u00e1rio Can\u00e7\u00e3o II\u00bb color=\u00bbsky\u00bb link=\u00bburl:https%3A%2F%2Fgroovelistapplication2.s3.amazonaws.com%2FIberm%C3%BAsicas%2Fwp-uploads%2FDISCO%2BITINERARIO%2BII.zip||target:%20_blank|\u00bb]<\/p>\n<p>[vc_btn title=\u00bbItiner\u00e1rio Can\u00e7\u00e3o III\u00bb color=\u00bbsky\u00bb link=\u00bburl:https%3A%2F%2Fgroovelistapplication2.s3.amazonaws.com%2FIberm%C3%BAsicas%2Fwp-uploads%2FItinerario%2BIII.zip||target:%20_blank|\u00bb]<\/p>\n","protected":false},"excerpt":{"rendered":"<p>\u00abAquele que cria coisas, ess\u00eancias, concreta um mundo\u00bb Rodolfo Kush A can\u00e7\u00e3o \u00e9 essa pequena obra po\u00e9tico-musical que, desde os tempos remotos, acompanha a humanidade em todos os momentos de sua resid\u00eancia na terra: no amor, no desejo, no encontro, na despedida, na irmandade, no trabalho, no contato com o divino, na luta pela justi\u00e7a, [&hellip;]<\/p>\n","protected":false},"author":1,"featured_media":3012,"comment_status":"closed","ping_status":"closed","sticky":false,"template":"","format":"standard","meta":{"footnotes":""},"categories":[218],"tags":[],"class_list":["post-2981","post","type-post","status-publish","format-standard","has-post-thumbnail","hentry","category-noticias-generales-pt"],"lang":"pt","translations":{"pt":2981},"pll_sync_post":[],"post_mailing_queue_ids":[],"_links":{"self":[{"href":"http:\/\/staging.ibermusicas.org\/index.php\/wp-json\/wp\/v2\/posts\/2981","targetHints":{"allow":["GET"]}}],"collection":[{"href":"http:\/\/staging.ibermusicas.org\/index.php\/wp-json\/wp\/v2\/posts"}],"about":[{"href":"http:\/\/staging.ibermusicas.org\/index.php\/wp-json\/wp\/v2\/types\/post"}],"author":[{"embeddable":true,"href":"http:\/\/staging.ibermusicas.org\/index.php\/wp-json\/wp\/v2\/users\/1"}],"replies":[{"embeddable":true,"href":"http:\/\/staging.ibermusicas.org\/index.php\/wp-json\/wp\/v2\/comments?post=2981"}],"version-history":[{"count":3,"href":"http:\/\/staging.ibermusicas.org\/index.php\/wp-json\/wp\/v2\/posts\/2981\/revisions"}],"predecessor-version":[{"id":2985,"href":"http:\/\/staging.ibermusicas.org\/index.php\/wp-json\/wp\/v2\/posts\/2981\/revisions\/2985"}],"wp:featuredmedia":[{"embeddable":true,"href":"http:\/\/staging.ibermusicas.org\/index.php\/wp-json\/wp\/v2\/media\/3012"}],"wp:attachment":[{"href":"http:\/\/staging.ibermusicas.org\/index.php\/wp-json\/wp\/v2\/media?parent=2981"}],"wp:term":[{"taxonomy":"category","embeddable":true,"href":"http:\/\/staging.ibermusicas.org\/index.php\/wp-json\/wp\/v2\/categories?post=2981"},{"taxonomy":"post_tag","embeddable":true,"href":"http:\/\/staging.ibermusicas.org\/index.php\/wp-json\/wp\/v2\/tags?post=2981"}],"curies":[{"name":"wp","href":"https:\/\/api.w.org\/{rel}","templated":true}]}}