{"id":2994,"date":"2020-06-05T14:46:23","date_gmt":"2020-06-05T14:46:23","guid":{"rendered":"http:\/\/staging.ibermusicas.org\/?p=2994"},"modified":"2020-09-11T17:34:50","modified_gmt":"2020-09-11T17:34:50","slug":"ibermusicas-tiene-nueva-web","status":"publish","type":"post","link":"http:\/\/staging.ibermusicas.org\/index.php\/ibermusicas-tiene-nueva-web\/","title":{"rendered":"Iberm\u00fasicas tiene nueva web"},"content":{"rendered":"<p>Nos da mucha alegr\u00eda poder compartir con el sector musical de Iberoam\u00e9rica el lanzamiento de nuestra nueva web. Ponemos a disposici\u00f3n de toda la comunidad musical iberoamericana una web m\u00e1s din\u00e1mica, brindando mayor accesibilidad, con m\u00e1s y nuevas secciones y nuevos cat\u00e1logos para contribuir a la visibilidad del sector musical, de sus obras, sus int\u00e9rpretes y sus investigaciones, intentando siempre abrir puertas y caminos en busca de una mayor integraci\u00f3n y expansi\u00f3n de las m\u00fasicas iberoamericanas.<\/p>\n<p>En este sentido, aconsejamos a artistas, festivales, managers, productores e instituciones musicales de toda Iberoam\u00e9rica se registren con el nuevo sistema, que permitir\u00e1 acceder de forma m\u00e1s \u00e1gil a todos los concursos, convocatorias, noticias y dem\u00e1s novedades del sector musical regional, con un nuevo desarrollo de filtros que estar\u00e1 m\u00e1s cerca de sus afinidades.<\/p>\n<p>Acerc\u00e1ndonos ya a los primeros diez a\u00f1os del programa y en medio de un momento muy complejo para el mundo en general y para la industria musical en particular, en Iberm\u00fasicas seguimos apostando a dinamizar el espacio musical de toda la regi\u00f3n Iberoamericana mediante pol\u00edticas p\u00fablicas de fomento y apoyo a la actividad profesional de las y los artistas musicales, impulsando la creaci\u00f3n musical en todas sus formas y sin distinciones de estilos, g\u00e9neros y tradiciones y promoviendo la profesionalizaci\u00f3n, accesibilidad, inclusi\u00f3n y promoci\u00f3n de las m\u00fasicas iberoamericanas.<\/p>\n","protected":false},"excerpt":{"rendered":"<p>Nos da mucha alegr\u00eda poder compartir con el sector musical de Iberoam\u00e9rica el lanzamiento de nuestra nueva web. Ponemos a disposici\u00f3n de toda la comunidad musical iberoamericana una web m\u00e1s din\u00e1mica, brindando mayor accesibilidad, con m\u00e1s y nuevas secciones y nuevos cat\u00e1logos para contribuir a la visibilidad del sector musical, de sus obras, sus int\u00e9rpretes [&hellip;]<\/p>\n","protected":false},"author":1,"featured_media":2959,"comment_status":"closed","ping_status":"closed","sticky":false,"template":"","format":"standard","meta":{"footnotes":""},"categories":[53],"tags":[],"class_list":["post-2994","post","type-post","status-publish","format-standard","has-post-thumbnail","hentry","category-noticias-generales"],"lang":"es","translations":{"es":2994},"pll_sync_post":[],"post_mailing_queue_ids":[],"_links":{"self":[{"href":"http:\/\/staging.ibermusicas.org\/index.php\/wp-json\/wp\/v2\/posts\/2994","targetHints":{"allow":["GET"]}}],"collection":[{"href":"http:\/\/staging.ibermusicas.org\/index.php\/wp-json\/wp\/v2\/posts"}],"about":[{"href":"http:\/\/staging.ibermusicas.org\/index.php\/wp-json\/wp\/v2\/types\/post"}],"author":[{"embeddable":true,"href":"http:\/\/staging.ibermusicas.org\/index.php\/wp-json\/wp\/v2\/users\/1"}],"replies":[{"embeddable":true,"href":"http:\/\/staging.ibermusicas.org\/index.php\/wp-json\/wp\/v2\/comments?post=2994"}],"version-history":[{"count":2,"href":"http:\/\/staging.ibermusicas.org\/index.php\/wp-json\/wp\/v2\/posts\/2994\/revisions"}],"predecessor-version":[{"id":2996,"href":"http:\/\/staging.ibermusicas.org\/index.php\/wp-json\/wp\/v2\/posts\/2994\/revisions\/2996"}],"wp:featuredmedia":[{"embeddable":true,"href":"http:\/\/staging.ibermusicas.org\/index.php\/wp-json\/wp\/v2\/media\/2959"}],"wp:attachment":[{"href":"http:\/\/staging.ibermusicas.org\/index.php\/wp-json\/wp\/v2\/media?parent=2994"}],"wp:term":[{"taxonomy":"category","embeddable":true,"href":"http:\/\/staging.ibermusicas.org\/index.php\/wp-json\/wp\/v2\/categories?post=2994"},{"taxonomy":"post_tag","embeddable":true,"href":"http:\/\/staging.ibermusicas.org\/index.php\/wp-json\/wp\/v2\/tags?post=2994"}],"curies":[{"name":"wp","href":"https:\/\/api.w.org\/{rel}","templated":true}]}}