{"id":3214,"date":"2020-07-03T10:50:00","date_gmt":"2020-07-03T10:50:00","guid":{"rendered":"http:\/\/staging.ibermusicas.org\/?p=3214"},"modified":"2020-09-11T17:37:33","modified_gmt":"2020-09-11T17:37:33","slug":"ibermusicas-abre-sus-convocatorias-2020","status":"publish","type":"post","link":"http:\/\/staging.ibermusicas.org\/index.php\/ibermusicas-abre-sus-convocatorias-2020\/","title":{"rendered":"Iberm\u00fasicas abre sus convocatorias 2020"},"content":{"rendered":"<p>Para quienes hacemos Iberm\u00fasicas siempre es un motivo de alegr\u00eda el momento del lanzamiento de nuestras convocatorias. Hoy lo es doblemente dado el dif\u00edcil momento que est\u00e1 viviendo el mundo en general y el sector musical en particular. Es por ello que fieles a nuestro compromiso de dinamizar el espacio musical de toda la regi\u00f3n Iberoamericana mediante pol\u00edticas p\u00fablicas de fomento y apoyo a la actividad profesional de las y los artistas musicales, fomentando la creaci\u00f3n musical en todas sus formas y sin distinciones de estilos, g\u00e9neros y tradiciones y promoviendo la profesionalizaci\u00f3n, accesibilidad, inclusi\u00f3n y promoci\u00f3n de las m\u00fasicas iberoamericanas, lanzamos nuevamente nuestros concursos tratando de adecuarnos a la situaci\u00f3n imperante.<\/p>\n<p>A partir del d\u00eda viernes 3 de julio estar\u00e1n abiertos nuestros concursos de Creaci\u00f3n de Canci\u00f3n destinados a artistas de los doce pa\u00edses que integran el programa y nuestro concurso de Composici\u00f3n de Obra Coral destinado a compositoras y compositores de toda Iberoam\u00e9rica.<\/p>\n<p>En el caso espec\u00edfico del concurso de Creaci\u00f3n de Canci\u00f3n, con la intenci\u00f3n de favorecer a un mayor n\u00famero de artistas en un momento en el que el sector necesita de un apoyo a\u00fan m\u00e1s fuerte, se ha establecido que este a\u00f1o sean premiados tres compositores o compositoras por cada uno de los pa\u00edses que integran el programa.<\/p>\n<p>En seguimiento a pol\u00edticas de inclusi\u00f3n de cooperaci\u00f3n iberoamericana, en los nuevos formularios de postulaci\u00f3n hemos incorporado (como desde hace tiempo lo hacemos con la perspectiva de g\u00e9nero y de etnia) la posibilidad de expresar si los artistas postulantes tienen alg\u00fan tipo de discapacidad a fin de confeccionar un registro sobre artistas musicales con discapacidad que nos permita tener un conocimiento directo y desarrollar un trabajo a\u00fan m\u00e1s inclusivo.<\/p>\n<p>Esperamos en breve poder anunciar la apertura de nuestras ayudas a la movilidad, residencias compositivas y formaci\u00f3n. Dado que todas estas l\u00edneas de ayuda implican desplazamientos de personas entre pa\u00edses, nos encontramos monitoreando a diario las medidas sanitarias que son tomadas por los gobiernos de las 22 naciones iberoamericanas a los efectos de encontrar el momento propicio para realizar la apertura de las convocatorias, entendiendo que se trata de una situaci\u00f3n en extremo din\u00e1mica.<\/p>\n<p>Acerc\u00e1ndonos ya a los primeros diez a\u00f1os del Programa en Iberm\u00fasicas seguimos apostando por la creaci\u00f3n art\u00edstica y por el desarrollo de todo el sector musical iberoamericano y el invaluable valor que tiene la cultura en nuestras sociedades.<br \/>\n<strong><em><br \/>\nEl PREMIO IBERM\u00daSICAS DE CREACI\u00d3N DE CANCI\u00d3N &#8211; S\u00c9PTIMA EDICI\u00d3N &nbsp;2020 &#8211; estar\u00e1 abierto desde el 3 de julio hasta el 15 de septiembre. Se seleccionar\u00e1n tres canciones de cada uno de los pa\u00edses de Iberm\u00fasicas con un premio de USD 1000 por canci\u00f3n. <\/em><\/strong><\/p>\n<p><strong><em><a href=\"http:\/\/staging.ibermusicas.org\/index.php\/convocatorias\/\">Inscripci\u00f3n aqu\u00ed<\/a><\/em><\/strong><\/p>\n<p><strong><em><br \/>\n<\/em><\/strong><strong><em>EL PREMIO IBERM\u00daSICAS DE COMPOSICI\u00d3N PARA OBRA CORAL &#8211; TERCERA EDICI\u00d3N 2020 &#8211; estar\u00e1 abierto desde el 3 de julio hasta el 1 de diciembre. Se otorgar\u00e1 un \u00fanico premio de USD 8.000 a la obra ganadora de iberoam\u00e9rica. La obra premiada ser\u00e1 anunciada a principios de 2021 y su estreno ser\u00e1 realizado bajo la direcci\u00f3n de la Maestra Digna Guerra en Cuba.<\/em><\/strong><\/p>\n<p><a href=\"http:\/\/staging.ibermusicas.org\/index.php\/convocatorias\/\"><em><strong>Inscripci\u00f3n aqu\u00ed<\/strong><\/em><\/a><\/p>\n","protected":false},"excerpt":{"rendered":"<p>Para quienes hacemos Iberm\u00fasicas siempre es un motivo de alegr\u00eda el momento del lanzamiento de nuestras convocatorias. Hoy lo es doblemente dado el dif\u00edcil momento que est\u00e1 viviendo el mundo en general y el sector musical en particular. Es por ello que fieles a nuestro compromiso de dinamizar el espacio musical de toda la regi\u00f3n [&hellip;]<\/p>\n","protected":false},"author":1,"featured_media":3203,"comment_status":"closed","ping_status":"closed","sticky":false,"template":"","format":"standard","meta":{"footnotes":""},"categories":[53],"tags":[],"class_list":["post-3214","post","type-post","status-publish","format-standard","has-post-thumbnail","hentry","category-noticias-generales"],"lang":"es","translations":{"es":3214},"pll_sync_post":[],"post_mailing_queue_ids":[],"_links":{"self":[{"href":"http:\/\/staging.ibermusicas.org\/index.php\/wp-json\/wp\/v2\/posts\/3214","targetHints":{"allow":["GET"]}}],"collection":[{"href":"http:\/\/staging.ibermusicas.org\/index.php\/wp-json\/wp\/v2\/posts"}],"about":[{"href":"http:\/\/staging.ibermusicas.org\/index.php\/wp-json\/wp\/v2\/types\/post"}],"author":[{"embeddable":true,"href":"http:\/\/staging.ibermusicas.org\/index.php\/wp-json\/wp\/v2\/users\/1"}],"replies":[{"embeddable":true,"href":"http:\/\/staging.ibermusicas.org\/index.php\/wp-json\/wp\/v2\/comments?post=3214"}],"version-history":[{"count":2,"href":"http:\/\/staging.ibermusicas.org\/index.php\/wp-json\/wp\/v2\/posts\/3214\/revisions"}],"predecessor-version":[{"id":3216,"href":"http:\/\/staging.ibermusicas.org\/index.php\/wp-json\/wp\/v2\/posts\/3214\/revisions\/3216"}],"wp:featuredmedia":[{"embeddable":true,"href":"http:\/\/staging.ibermusicas.org\/index.php\/wp-json\/wp\/v2\/media\/3203"}],"wp:attachment":[{"href":"http:\/\/staging.ibermusicas.org\/index.php\/wp-json\/wp\/v2\/media?parent=3214"}],"wp:term":[{"taxonomy":"category","embeddable":true,"href":"http:\/\/staging.ibermusicas.org\/index.php\/wp-json\/wp\/v2\/categories?post=3214"},{"taxonomy":"post_tag","embeddable":true,"href":"http:\/\/staging.ibermusicas.org\/index.php\/wp-json\/wp\/v2\/tags?post=3214"}],"curies":[{"name":"wp","href":"https:\/\/api.w.org\/{rel}","templated":true}]}}