{"id":3217,"date":"2020-07-03T10:55:09","date_gmt":"2020-07-03T10:55:09","guid":{"rendered":"http:\/\/staging.ibermusicas.org\/?p=3217"},"modified":"2020-09-16T03:19:02","modified_gmt":"2020-09-16T03:19:02","slug":"ibermusicas-abre-suas-chamadas-para-2020","status":"publish","type":"post","link":"http:\/\/staging.ibermusicas.org\/index.php\/ibermusicas-abre-suas-chamadas-para-2020\/","title":{"rendered":"Iberm\u00fasicas abre suas chamadas para 2020"},"content":{"rendered":"<p>Para aqueles que fazemos Iberm\u00fasicas, \u00e9 sempre motivo de alegria quando lan\u00e7amos nossas chamadas. Hoje \u00e9 duplamente, dado o momento dif\u00edcil que est\u00e1 acontecendo no mundo em geral e no setor musical em particular. \u00c9 por isso, que fi\u00e9is ao nosso compromisso de dinamizar o espa\u00e7o musical de toda a regi\u00e3o ibero-americana atrav\u00e9s de pol\u00edticas p\u00fablicas para promover e incentivar a atividade profissional de artistas musicais, promover a cria\u00e7\u00e3o musical em todas as suas formas e sem distin\u00e7\u00e3o de estilos, g\u00eaneros e tradi\u00e7\u00f5es atrav\u00e9s da profissionaliza\u00e7\u00e3o, acessibilidade e inclus\u00e3o da m\u00fasica ibero-americana, lan\u00e7amos novamente nossos concursos tentando nos adaptar \u00e0 situa\u00e7\u00e3o atual.<\/p>\n<p>A partir de sexta-feira, 3 de julho, estar\u00e3o abertos nossos concursos de cria\u00e7\u00e3o de can\u00e7\u00f5es para artistas dos doze pa\u00edses que comp\u00f5em o programa e nosso Concurso de composi\u00e7\u00e3o coral para compositores e compositoras de toda Ibero-Am\u00e9rica.<\/p>\n<p>No caso espec\u00edfico do concurso de Cria\u00e7\u00e3o de Can\u00e7\u00e3o, com a inten\u00e7\u00e3o de favorecer um n\u00famero maior de artistas em um momento em que o setor precisa de um apoio ainda mais forte, foi estabelecido que este ano ser\u00e3o premiados tr\u00eas compositores ou compositoras por cada um dos pa\u00edses que comp\u00f5em o programa.<\/p>\n<p>Seguindo as pol\u00edticas de inclus\u00e3o da coopera\u00e7\u00e3o ibero-americana, nos novos formul\u00e1rios de inscri\u00e7\u00e3o n\u00f3s incorporamos (como fizemos h\u00e1 muito tempo com a perspectiva \u00e9tnica e de g\u00eanero), a possibilidade de expressar se os artistas candidatos t\u00eam algum tipo de defici\u00eancia, a fim de fazer um registro de artistas musicais com defici\u00eancia que n\u00f3s permitir um conhecimento direto e desenvolver um trabalho ainda mais inclusivo.<\/p>\n<p>Aguardamos anunciar em breve a abertura de nossas ajudas \u00e0 mobilidade, resid\u00eancias de composi\u00e7\u00e3o e oficinas de forma\u00e7\u00e3o. Como todas estas linhas de ajuda envolvem circula\u00e7\u00e3o de pessoas entre pa\u00edses, estamos monitorando diariamente as medidas sanit\u00e1rias adotadas pelos governos das 22 na\u00e7\u00f5es ibero-americanas para encontrar o momento certo para abrir as chamadas, entendendo que \u00e9 uma situa\u00e7\u00e3o extremamente din\u00e2mica.<\/p>\n<p>J\u00e1 muito perto dos dez primeiros anos do Programa, na Iberm\u00fasicas, continuamos apostando pela cria\u00e7\u00e3o art\u00edstica e o desenvolvimento de todo o setor musical ibero-americano e o valor inestim\u00e1vel que a cultura tem em nossas sociedades.<\/p>\n<p><strong>O&nbsp; PR\u00caMIO IBERM\u00daSICAS PARA CRIA\u00c7\u00c3O DE CAN\u00c7\u00d5ES &#8211; S\u00c9TIMA EDI\u00c7\u00c3O 2020 &#8211;&nbsp; ser\u00e1 aberto de 3 de julho a 15 de setembro. Ser\u00e3o selecionadas tr\u00eas can\u00e7\u00f5es de cada um dos pa\u00edses de Iberm\u00fasicas com um pr\u00eamio de USD 1000 por can\u00e7\u00e3o.<\/strong><\/p>\n<p><em><strong>Inscri\u00e7\u00e3o aqui<\/strong><\/em><\/p>\n<p><strong>O PR\u00caMIO IBERMUSICAS DE COMPOSI\u00c7\u00c3O PARA OBRA CORAL TERCEIRA EDI\u00c7\u00c3O 2020 &#8211; ser\u00e1 aberto de 3 de julho a 1 de dezembro. Um \u00fanico pr\u00eamio de US $ 8.000 ser\u00e1 concedido ao trabalho vencedor da tuda Ibero-Am\u00e9rica. O trabalho premiado ser\u00e1 anunciado no in\u00edcio de 2021 e sua estr\u00e9ia ser\u00e1 realizada sob a dire\u00e7\u00e3o do Maestra Digna Guerra em Cuba.<\/strong><\/p>\n<p><a href=\"http:\/\/staging.ibermusicas.org\/index.php\/convocatorias-pt\/\"><em><strong>Inscri\u00e7\u00e3o aqui<\/strong><\/em><\/a><\/p>\n","protected":false},"excerpt":{"rendered":"<p>Para aqueles que fazemos Iberm\u00fasicas, \u00e9 sempre motivo de alegria quando lan\u00e7amos nossas chamadas. Hoje \u00e9 duplamente, dado o momento dif\u00edcil que est\u00e1 acontecendo no mundo em geral e no setor musical em particular. \u00c9 por isso, que fi\u00e9is ao nosso compromisso de dinamizar o espa\u00e7o musical de toda a regi\u00e3o ibero-americana atrav\u00e9s de pol\u00edticas [&hellip;]<\/p>\n","protected":false},"author":1,"featured_media":3203,"comment_status":"closed","ping_status":"closed","sticky":false,"template":"","format":"standard","meta":{"footnotes":""},"categories":[218],"tags":[],"class_list":["post-3217","post","type-post","status-publish","format-standard","has-post-thumbnail","hentry","category-noticias-generales-pt"],"lang":"pt","translations":{"pt":3217},"pll_sync_post":[],"post_mailing_queue_ids":[],"_links":{"self":[{"href":"http:\/\/staging.ibermusicas.org\/index.php\/wp-json\/wp\/v2\/posts\/3217","targetHints":{"allow":["GET"]}}],"collection":[{"href":"http:\/\/staging.ibermusicas.org\/index.php\/wp-json\/wp\/v2\/posts"}],"about":[{"href":"http:\/\/staging.ibermusicas.org\/index.php\/wp-json\/wp\/v2\/types\/post"}],"author":[{"embeddable":true,"href":"http:\/\/staging.ibermusicas.org\/index.php\/wp-json\/wp\/v2\/users\/1"}],"replies":[{"embeddable":true,"href":"http:\/\/staging.ibermusicas.org\/index.php\/wp-json\/wp\/v2\/comments?post=3217"}],"version-history":[{"count":4,"href":"http:\/\/staging.ibermusicas.org\/index.php\/wp-json\/wp\/v2\/posts\/3217\/revisions"}],"predecessor-version":[{"id":3383,"href":"http:\/\/staging.ibermusicas.org\/index.php\/wp-json\/wp\/v2\/posts\/3217\/revisions\/3383"}],"wp:featuredmedia":[{"embeddable":true,"href":"http:\/\/staging.ibermusicas.org\/index.php\/wp-json\/wp\/v2\/media\/3203"}],"wp:attachment":[{"href":"http:\/\/staging.ibermusicas.org\/index.php\/wp-json\/wp\/v2\/media?parent=3217"}],"wp:term":[{"taxonomy":"category","embeddable":true,"href":"http:\/\/staging.ibermusicas.org\/index.php\/wp-json\/wp\/v2\/categories?post=3217"},{"taxonomy":"post_tag","embeddable":true,"href":"http:\/\/staging.ibermusicas.org\/index.php\/wp-json\/wp\/v2\/tags?post=3217"}],"curies":[{"name":"wp","href":"https:\/\/api.w.org\/{rel}","templated":true}]}}