{"id":3279,"date":"2020-07-14T17:10:34","date_gmt":"2020-07-14T17:10:34","guid":{"rendered":"http:\/\/staging.ibermusicas.org\/?p=3279"},"modified":"2020-08-05T15:32:37","modified_gmt":"2020-08-05T15:32:37","slug":"comienza-el-encuentro-de-mujeres-de-musica-peruana-en-modalidad-virtual-2","status":"publish","type":"post","link":"http:\/\/staging.ibermusicas.org\/index.php\/comienza-el-encuentro-de-mujeres-de-musica-peruana-en-modalidad-virtual-2\/","title":{"rendered":"Comienza el Encuentro de mujeres de M\u00fasica Peruana en modalidad virtual"},"content":{"rendered":"<p>El Encuentro de mujeres de M\u00fasica Peruana es un espacio de expresi\u00f3n, difusi\u00f3n y apoyo a las mujeres m\u00fasicas, donde se crean mayores oportunidades en favor de su presencia en los escenarios demostrando sus capacidades musicales. Es un objetivo importante del Festival trabajar por acortar las brechas de g\u00e9nero, siendo una voz para la construcci\u00f3n de un \u00e1mbito en el que se manifiesten nuevas formas de ver a la mujer dentro de la actividad musical.<\/p>\n<p>A trav\u00e9s de los a\u00f1os, las mujeres y su imagen han estado relacionadas al rol de musas inspiradoras en diversas manifestaciones art\u00edsticas y musicales, siendo hist\u00f3ricamente relegadas y poco valoradas en los roles de creadoras, compositoras y m\u00fasicos. En la actualidad, muchas mujeres m\u00fasicas siguen encontrando y enfrentando distintas barreras que no permiten expandir sus propuestas. Una de ellas, es no contar con espacios en donde tocar o en donde presentar su propuesta musical, pues al ser mujer es m\u00e1s complicado que se d\u00e9 la posibilidad, debido a los m\u00faltiples prejuicios y estereotipos existentes hacia las mujeres m\u00fasicas. Pese a ello, la contribuci\u00f3n de las mujeres que han ido labrando camino en el \u00e1mbito musical a trav\u00e9s de su rol como investigadoras, compositoras, m\u00fasicas o cantantes ha sido vital en el enriquecimiento de la identidad cultural.<\/p>\n<p>En esta 8va edici\u00f3n del Encuentro de mujeres de M\u00fasica Peruana contar\u00e1n con la presencia de \u201cLa LuzMa\u201d, reconocida cantante chilena, que utiliza su voz para hacer activismo, siendo referente en la lucha por el empoderamiento de las mujeres y la igualdad de oportunidades. Su experiencia musical y docente ha hecho que desarrolle una propuesta reflejada en distintos talleres que indagan en el reconocimiento del cuerpo, de la voz propia, de trabajar en los miedos y las propias barreras que cada mujer puede tener.<\/p>\n<p>El encuentro se llevar\u00e1 a cabo el 25 y el 26 de julio desde las 20 horas Per\u00fa a trav\u00e9s del siguiente link:&nbsp;<a href=\"https:\/\/lt.mydplr.com\/1a2d42ac2aacece0b2c97c9002e57b3e-81868bec073b3970fa62af291f12b42d\" target=\"_blank\" rel=\"noopener noreferrer\" data-saferedirecturl=\"https:\/\/www.google.com\/url?q=https:\/\/lt.mydplr.com\/1a2d42ac2aacece0b2c97c9002e57b3e-81868bec073b3970fa62af291f12b42d&amp;source=gmail&amp;ust=1594832641148000&amp;usg=AFQjCNG1m0Qti15Yh-JgAaCz2w0vVsHCIQ\">Encuentro de mujeres de M\u00fasica Peruana en modalidad virtual<\/a><\/p>\n","protected":false},"excerpt":{"rendered":"<p>El Encuentro de mujeres de M\u00fasica Peruana es un espacio de expresi\u00f3n, difusi\u00f3n y apoyo a las mujeres m\u00fasicas, donde se crean mayores oportunidades en favor de su presencia en los escenarios demostrando sus capacidades musicales. Es un objetivo importante del Festival trabajar por acortar las brechas de g\u00e9nero, siendo una voz para la construcci\u00f3n [&hellip;]<\/p>\n","protected":false},"author":1,"featured_media":3277,"comment_status":"closed","ping_status":"closed","sticky":false,"template":"","format":"standard","meta":{"footnotes":""},"categories":[218],"tags":[],"class_list":["post-3279","post","type-post","status-publish","format-standard","has-post-thumbnail","hentry","category-noticias-generales-pt"],"lang":"pt","translations":{"pt":3279},"pll_sync_post":[],"post_mailing_queue_ids":[],"_links":{"self":[{"href":"http:\/\/staging.ibermusicas.org\/index.php\/wp-json\/wp\/v2\/posts\/3279","targetHints":{"allow":["GET"]}}],"collection":[{"href":"http:\/\/staging.ibermusicas.org\/index.php\/wp-json\/wp\/v2\/posts"}],"about":[{"href":"http:\/\/staging.ibermusicas.org\/index.php\/wp-json\/wp\/v2\/types\/post"}],"author":[{"embeddable":true,"href":"http:\/\/staging.ibermusicas.org\/index.php\/wp-json\/wp\/v2\/users\/1"}],"replies":[{"embeddable":true,"href":"http:\/\/staging.ibermusicas.org\/index.php\/wp-json\/wp\/v2\/comments?post=3279"}],"version-history":[{"count":2,"href":"http:\/\/staging.ibermusicas.org\/index.php\/wp-json\/wp\/v2\/posts\/3279\/revisions"}],"predecessor-version":[{"id":3281,"href":"http:\/\/staging.ibermusicas.org\/index.php\/wp-json\/wp\/v2\/posts\/3279\/revisions\/3281"}],"wp:featuredmedia":[{"embeddable":true,"href":"http:\/\/staging.ibermusicas.org\/index.php\/wp-json\/wp\/v2\/media\/3277"}],"wp:attachment":[{"href":"http:\/\/staging.ibermusicas.org\/index.php\/wp-json\/wp\/v2\/media?parent=3279"}],"wp:term":[{"taxonomy":"category","embeddable":true,"href":"http:\/\/staging.ibermusicas.org\/index.php\/wp-json\/wp\/v2\/categories?post=3279"},{"taxonomy":"post_tag","embeddable":true,"href":"http:\/\/staging.ibermusicas.org\/index.php\/wp-json\/wp\/v2\/tags?post=3279"}],"curies":[{"name":"wp","href":"https:\/\/api.w.org\/{rel}","templated":true}]}}