{"id":3389,"date":"2019-12-01T17:57:43","date_gmt":"2019-12-01T17:57:43","guid":{"rendered":"http:\/\/staging.ibermusicas.org\/?p=3389"},"modified":"2020-08-12T17:59:13","modified_gmt":"2020-08-12T17:59:13","slug":"el-gran-pianista-mexicano-daniel-wong-se-presentara-en-la-habana-cuba-2","status":"publish","type":"post","link":"http:\/\/staging.ibermusicas.org\/index.php\/el-gran-pianista-mexicano-daniel-wong-se-presentara-en-la-habana-cuba-2\/","title":{"rendered":"El gran pianista mexicano Daniel Wong se presentar\u00e1 en La Habana, Cuba"},"content":{"rendered":"<p>El pianista mexicano Daniel Wong est\u00e1 graduado en las carreras de Piano Jazz y Piano Cl\u00e1sico por la Escuela Superior de M\u00fasica.<\/p>\n<p>Es actualmente profesor de la misma en la carrera de Piano Jazz. Cuenta con una discograf\u00eda personal de 13 producciones las cuales incluyen discos de piano solo, discos con el Mad Tr\u00edo y participaciones en proyectos como el disco Regards del ensamble Tempus Fugit con m\u00fasica de Ravel y Stravinski, o tambi\u00e9n la grabaci\u00f3n de La Cenincienta de Prokofiev con la Orquesta de la Opera de Bellas Artes.<\/p>\n<p>Se ha presentado en diversas salas de concierto de su pa\u00eds y en numerosos festivales alrededor del mundo. Como compositor ha sido comisionado por la Sinf\u00f3nica Nacional para el estreno de su composici\u00f3n original Chorinho Perpetuo en versi\u00f3n orquestal, y en 2016 la Orquesta Juvenil de la Universidad del Estado de M\u00e9xico le comisiona la obra diario de Burdeos.<\/p>\n<p>Fue profesor en la Universidad de Texas dirigiendo una de las Big Bands de la escuela e impartiendo clases tanto de Jazz como de cl\u00e1sico. Actualmente es profesor de tiempo completo en la Escuela de Artes Esc\u00e9nicas del Universidad del Estado de M\u00e9xico.<\/p>\n","protected":false},"excerpt":{"rendered":"<p>El pianista mexicano Daniel Wong est\u00e1 graduado en las carreras de Piano Jazz y Piano Cl\u00e1sico por la Escuela Superior de M\u00fasica. Es actualmente profesor de la misma en la carrera de Piano Jazz. Cuenta con una discograf\u00eda personal de 13 producciones las cuales incluyen discos de piano solo, discos con el Mad Tr\u00edo y [&hellip;]<\/p>\n","protected":false},"author":1,"featured_media":3385,"comment_status":"closed","ping_status":"closed","sticky":false,"template":"","format":"standard","meta":{"footnotes":""},"categories":[218],"tags":[],"class_list":["post-3389","post","type-post","status-publish","format-standard","has-post-thumbnail","hentry","category-noticias-generales-pt"],"lang":"pt","translations":{"pt":3389,"es":3384},"pll_sync_post":[],"post_mailing_queue_ids":[],"_links":{"self":[{"href":"http:\/\/staging.ibermusicas.org\/index.php\/wp-json\/wp\/v2\/posts\/3389","targetHints":{"allow":["GET"]}}],"collection":[{"href":"http:\/\/staging.ibermusicas.org\/index.php\/wp-json\/wp\/v2\/posts"}],"about":[{"href":"http:\/\/staging.ibermusicas.org\/index.php\/wp-json\/wp\/v2\/types\/post"}],"author":[{"embeddable":true,"href":"http:\/\/staging.ibermusicas.org\/index.php\/wp-json\/wp\/v2\/users\/1"}],"replies":[{"embeddable":true,"href":"http:\/\/staging.ibermusicas.org\/index.php\/wp-json\/wp\/v2\/comments?post=3389"}],"version-history":[{"count":2,"href":"http:\/\/staging.ibermusicas.org\/index.php\/wp-json\/wp\/v2\/posts\/3389\/revisions"}],"predecessor-version":[{"id":3695,"href":"http:\/\/staging.ibermusicas.org\/index.php\/wp-json\/wp\/v2\/posts\/3389\/revisions\/3695"}],"wp:featuredmedia":[{"embeddable":true,"href":"http:\/\/staging.ibermusicas.org\/index.php\/wp-json\/wp\/v2\/media\/3385"}],"wp:attachment":[{"href":"http:\/\/staging.ibermusicas.org\/index.php\/wp-json\/wp\/v2\/media?parent=3389"}],"wp:term":[{"taxonomy":"category","embeddable":true,"href":"http:\/\/staging.ibermusicas.org\/index.php\/wp-json\/wp\/v2\/categories?post=3389"},{"taxonomy":"post_tag","embeddable":true,"href":"http:\/\/staging.ibermusicas.org\/index.php\/wp-json\/wp\/v2\/tags?post=3389"}],"curies":[{"name":"wp","href":"https:\/\/api.w.org\/{rel}","templated":true}]}}