{"id":3394,"date":"2019-12-12T18:05:28","date_gmt":"2019-12-12T18:05:28","guid":{"rendered":"http:\/\/staging.ibermusicas.org\/?p=3394"},"modified":"2020-08-12T18:06:30","modified_gmt":"2020-08-12T18:06:30","slug":"grandes-maestros-se-reuniran-a-compartir-su-experiencia-con-jovenes-musicos-en-el-v-camp-musicaustral-edicion-2020-que-se-realizara-en-frutillar-chile-2","status":"publish","type":"post","link":"http:\/\/staging.ibermusicas.org\/index.php\/grandes-maestros-se-reuniran-a-compartir-su-experiencia-con-jovenes-musicos-en-el-v-camp-musicaustral-edicion-2020-que-se-realizara-en-frutillar-chile-2\/","title":{"rendered":"Grandes maestros se reunir\u00e1n a compartir su experiencia con j\u00f3venes m\u00fasicos en el V Camp Musicaustral edici\u00f3n 2020 que se realizar\u00e1 en Frutillar, Chile"},"content":{"rendered":"<p>Daniel Emden (percusionista chileno), Seva Castro (guitarrista argentino), Paz Mera (cantante chilena), Jake Kelberman (guitarrista norteamericano), Fernando Bruno (percusionista argentino) y Carlos Felipe Vega (contrabajista colombiano), son los maestros que participar\u00e1n este a\u00f1o en el V Camp Musicaustral a realizarse entre los d\u00edas 13 y 19 de enero en Frutillar, declarada Ciudad Creativa de la M\u00fasica por UNESCO.<\/p>\n<p>Se trata de una alternativa integral de aprendizaje que incluye clases magistrales, c\u00edrculos de percusi\u00f3n, sesiones de yoga y conciertos. Durante 7 d\u00edas, los participantes vivir\u00e1n la m\u00fasica y la creaci\u00f3n, guiados por destacados profesionales que promueven el desarrollo y la formaci\u00f3n de m\u00fasicos emergentes hacia una identidad musical latinoamericana.<\/p>\n<p>\u2022 Campamento del lunes 13 al domingo 19 de enero de 9:00 a 17:00 hs. en Casa Amarilla, Playa Maqui, Frutillar, Chile<br \/>\n\u2022 Puertas Abiertas Camp Musicaustral, viernes 17 de enero, 17:00 hs. en Casa Amarilla, Playa Maqui, Frutillar, Chile<br \/>\n\u2022 Concierto Camp Musicaustral, s\u00e1bado 18 de enero en Museo Colonial Alem\u00e1n de Frutillar, Chile<\/p>\n","protected":false},"excerpt":{"rendered":"<p>Daniel Emden (percusionista chileno), Seva Castro (guitarrista argentino), Paz Mera (cantante chilena), Jake Kelberman (guitarrista norteamericano), Fernando Bruno (percusionista argentino) y Carlos Felipe Vega (contrabajista colombiano), son los maestros que participar\u00e1n este a\u00f1o en el V Camp Musicaustral a realizarse entre los d\u00edas 13 y 19 de enero en Frutillar, declarada Ciudad Creativa de la [&hellip;]<\/p>\n","protected":false},"author":1,"featured_media":3392,"comment_status":"closed","ping_status":"closed","sticky":false,"template":"","format":"standard","meta":{"footnotes":""},"categories":[218],"tags":[],"class_list":["post-3394","post","type-post","status-publish","format-standard","has-post-thumbnail","hentry","category-noticias-generales-pt"],"lang":"pt","translations":{"pt":3394,"es":3391},"pll_sync_post":[],"post_mailing_queue_ids":[],"_links":{"self":[{"href":"http:\/\/staging.ibermusicas.org\/index.php\/wp-json\/wp\/v2\/posts\/3394","targetHints":{"allow":["GET"]}}],"collection":[{"href":"http:\/\/staging.ibermusicas.org\/index.php\/wp-json\/wp\/v2\/posts"}],"about":[{"href":"http:\/\/staging.ibermusicas.org\/index.php\/wp-json\/wp\/v2\/types\/post"}],"author":[{"embeddable":true,"href":"http:\/\/staging.ibermusicas.org\/index.php\/wp-json\/wp\/v2\/users\/1"}],"replies":[{"embeddable":true,"href":"http:\/\/staging.ibermusicas.org\/index.php\/wp-json\/wp\/v2\/comments?post=3394"}],"version-history":[{"count":1,"href":"http:\/\/staging.ibermusicas.org\/index.php\/wp-json\/wp\/v2\/posts\/3394\/revisions"}],"predecessor-version":[{"id":3395,"href":"http:\/\/staging.ibermusicas.org\/index.php\/wp-json\/wp\/v2\/posts\/3394\/revisions\/3395"}],"wp:featuredmedia":[{"embeddable":true,"href":"http:\/\/staging.ibermusicas.org\/index.php\/wp-json\/wp\/v2\/media\/3392"}],"wp:attachment":[{"href":"http:\/\/staging.ibermusicas.org\/index.php\/wp-json\/wp\/v2\/media?parent=3394"}],"wp:term":[{"taxonomy":"category","embeddable":true,"href":"http:\/\/staging.ibermusicas.org\/index.php\/wp-json\/wp\/v2\/categories?post=3394"},{"taxonomy":"post_tag","embeddable":true,"href":"http:\/\/staging.ibermusicas.org\/index.php\/wp-json\/wp\/v2\/tags?post=3394"}],"curies":[{"name":"wp","href":"https:\/\/api.w.org\/{rel}","templated":true}]}}