{"id":3440,"date":"2020-09-07T15:07:36","date_gmt":"2020-09-07T15:07:36","guid":{"rendered":"http:\/\/staging.ibermusicas.org\/?p=3440"},"modified":"2020-12-03T17:15:55","modified_gmt":"2020-12-03T17:15:55","slug":"um-juri-internacional-de-primeiro-nivel-elegeu-por-unanimidade-a-obra-vencedora-do-concurso-ibero-americano-100-anos-do-nascimento-de-chabuca-granda","status":"publish","type":"post","link":"http:\/\/staging.ibermusicas.org\/index.php\/um-juri-internacional-de-primeiro-nivel-elegeu-por-unanimidade-a-obra-vencedora-do-concurso-ibero-americano-100-anos-do-nascimento-de-chabuca-granda\/","title":{"rendered":"Um j\u00fari internacional de primeiro n\u00edvel elegeu por unanimidade a obra vencedora do Concurso Ibero-americano 100 anos do nascimento de Chabuca Granda"},"content":{"rendered":"<p>O j\u00fari foi composto por Teresa Fuller Granda, Claudia Cecilia del Valle Mu\u00f1oz, Eddy S\u00e1nchez Sotello e Lucho Gonz\u00e1lez.<\/p>\n<p>Teresa Fuller Granda \u00e9 presidente da Associa\u00e7\u00e3o Cultural Chabuca Granda. Sua miss\u00e3o tem sido, \u00e9 e ser\u00e1, manter e difundir o legado de sua m\u00e3e a fim de conservar, restaurar e valorizar sua obra musical e art\u00edstica, transmiti-la e estud\u00e1-la atrav\u00e9s da cria\u00e7\u00e3o de projectos de investiga\u00e7\u00e3o e forma\u00e7\u00e3o que promovam um maior conhecimento sobre o seu legado e a participa\u00e7\u00e3o na organiza\u00e7\u00e3o de actividades que se desenrolem em homenagem a Chabuca Granda e ao seu trabalho, que envolvam actores p\u00fablicos e privados, tanto no Peru como no estrangeiro.<\/p>\n<p>Claudia Cecilia del Valle Mu\u00f1oz \u00e9 diretora do Teatro Col\u00f3n de Bogot\u00e1. \u00c9 Mestra em M\u00fasica com \u00eanfase em Administra\u00e7\u00e3o Cultural da Pontif\u00edcia Universidade Javeriana e Magister em Gest\u00e3o Cultural da Universidade Internacional da Catalunha em Barcelona. Foi respons\u00e1vel pela Orquestra Filarm\u00f4nica de Bogot\u00e1 e pelo Festival \u00d3pera ao Parque. \u00c0 frente do teatro Col\u00f3n deu in\u00edcio a programas como a produ\u00e7\u00e3o de \u00f3peras infantis e a cria\u00e7\u00e3o de franjas \u201cCalle Col\u00f3n\u201d e \u201cToque Col\u00f3n\u201d, per\u00edodo onde o Teatro Col\u00f3n chegou a posicionar-se como um dos mais importantes centros de produ\u00e7\u00e3o art\u00edstica da Col\u00f4mbia.<br \/>\n<em>\u00abEstou agradavelmente surpreendida pelo alto n\u00edvel das obras apresentadas e feliz de reencontrar-me com a riqueza de um som latino-americano com marcas de uma nova contemporaneidade.\u00bb<\/em><\/p>\n<p>Eddy S\u00e1nchez Sotello \u00e9 Diretor Musical do Bal\u00e9 Folcl\u00f3rico Nacional do Minist\u00e9rio da Cultura do Peru. \u00c9 atual guitarrista de Eva Ayll\u00f3n tendo participado de turn\u00eas nacionais e internacionais e de oito produ\u00e7\u00f5es musicais. Estudou na Escola Nacional de Folclore Jos\u00e9 Mar\u00eda Arguedas. J\u00e1 compartilhou palco com artistas de primeiro n\u00edvel como Tania Libertad, Albita, Justo Almario, Alex Acu\u00f1a, Harry Kim, Pedro Aznar entre outros.<br \/>\n<em>\u00abSinto-me aben\u00e7oado e agradecido por fazer parte do j\u00fari deste concurso junto a um mestre da estatura de Lucho Gonz\u00e1lez\u00bb<\/em><\/p>\n<p>Lucho Gonz\u00e1lez \u00e9 guitarrista, arranjador, compositor e produtor musical. Iniciou sua carreira art\u00edstica precisamente junto \u00e0 grande Chabuca Granda com quem trabalhou durante muitos anos percorrendo grande parte do mundo e gravando juntos discos memor\u00e1veis como o magistral \u00abCada can\u00e7\u00e3o com sua raz\u00e3o\u00bb. A lista dos artistas com os quais trabalhou durante sua vida \u00e9 muito extensa, mas alcan\u00e7am alguns nomes para dar conta da ampl\u00edssima trajet\u00f3ria do mestre Lucho Gonz\u00e1lez: : Mercedes Sosa, Julia Elena D\u00e1valos, Ana Bel\u00e9n, Libertad Lamarque, Jos\u00e9 Jos\u00e9, Mar\u00eda Dolores Pradera, Joan Manuel Serrat, Domingo Cura, Hugo D\u00edaz, C\u00e9sar Camargo Mariano, Tomatito, Luis Salinas, Fito P\u00e1ez, Pedro Aznar, Chango Far\u00edas G\u00f3mez, Ra\u00fal Carnota, Jorge Fandermole, Juan Carlos Baglietto, Diego Torres, Laura Albarrac\u00edn, Lidia Barroso, entre centenas de outros grandes nomes da m\u00fasica ibero-americana. Sua guitarra e seus arranjos fazem parte da constela\u00e7\u00e3o sonora dos \u00faltimos 50 anos de m\u00fasica em dois continentes. Qualquer amante da m\u00fasica da Iberoam\u00e9rica ouviu pelo menos dez discos diferentes onde est\u00e1 marcada a fogo a impress\u00e3o do mestre Lucho. Foi parte do lend\u00e1rio trio Vitale &#8211; Baraj &#8211; Gonz\u00e1lez e conta com dois bel\u00edssimos discos solistas \u00abEsta parte do caminho\u00bb e \u00abChabuca de C\u00e2mara\u00bb.<br \/>\n<em>\u00abTenho sido muito feliz comprovando a evolu\u00e7\u00e3o dos novos compositores a respeito de poesia e m\u00fasica. A senhora Chabuca merece este tipo de cuidados porque ela foi muito cuidadosa e muito exemplar. Fui muito feliz comprovando tamb\u00e9m o amor que se tem a ela e a imagina\u00e7\u00e3o daqueles que n\u00e3o a conheceram mas que a intuem.\u00bb<\/em><\/p>\n","protected":false},"excerpt":{"rendered":"<p>O j\u00fari foi composto por Teresa Fuller Granda, Claudia Cecilia del Valle Mu\u00f1oz, Eddy S\u00e1nchez Sotello e Lucho Gonz\u00e1lez. Teresa Fuller Granda \u00e9 presidente da Associa\u00e7\u00e3o Cultural Chabuca Granda. Sua miss\u00e3o tem sido, \u00e9 e ser\u00e1, manter e difundir o legado de sua m\u00e3e a fim de conservar, restaurar e valorizar sua obra musical e [&hellip;]<\/p>\n","protected":false},"author":1,"featured_media":3438,"comment_status":"closed","ping_status":"closed","sticky":false,"template":"","format":"standard","meta":{"footnotes":""},"categories":[218],"tags":[],"class_list":["post-3440","post","type-post","status-publish","format-standard","has-post-thumbnail","hentry","category-noticias-generales-pt"],"lang":"pt","translations":{"pt":3440,"es":3437},"pll_sync_post":[],"post_mailing_queue_ids":[],"_links":{"self":[{"href":"http:\/\/staging.ibermusicas.org\/index.php\/wp-json\/wp\/v2\/posts\/3440","targetHints":{"allow":["GET"]}}],"collection":[{"href":"http:\/\/staging.ibermusicas.org\/index.php\/wp-json\/wp\/v2\/posts"}],"about":[{"href":"http:\/\/staging.ibermusicas.org\/index.php\/wp-json\/wp\/v2\/types\/post"}],"author":[{"embeddable":true,"href":"http:\/\/staging.ibermusicas.org\/index.php\/wp-json\/wp\/v2\/users\/1"}],"replies":[{"embeddable":true,"href":"http:\/\/staging.ibermusicas.org\/index.php\/wp-json\/wp\/v2\/comments?post=3440"}],"version-history":[{"count":1,"href":"http:\/\/staging.ibermusicas.org\/index.php\/wp-json\/wp\/v2\/posts\/3440\/revisions"}],"predecessor-version":[{"id":3441,"href":"http:\/\/staging.ibermusicas.org\/index.php\/wp-json\/wp\/v2\/posts\/3440\/revisions\/3441"}],"wp:featuredmedia":[{"embeddable":true,"href":"http:\/\/staging.ibermusicas.org\/index.php\/wp-json\/wp\/v2\/media\/3438"}],"wp:attachment":[{"href":"http:\/\/staging.ibermusicas.org\/index.php\/wp-json\/wp\/v2\/media?parent=3440"}],"wp:term":[{"taxonomy":"category","embeddable":true,"href":"http:\/\/staging.ibermusicas.org\/index.php\/wp-json\/wp\/v2\/categories?post=3440"},{"taxonomy":"post_tag","embeddable":true,"href":"http:\/\/staging.ibermusicas.org\/index.php\/wp-json\/wp\/v2\/tags?post=3440"}],"curies":[{"name":"wp","href":"https:\/\/api.w.org\/{rel}","templated":true}]}}