{"id":3442,"date":"2020-09-07T15:14:25","date_gmt":"2020-09-07T15:14:25","guid":{"rendered":"http:\/\/staging.ibermusicas.org\/?p=3442"},"modified":"2020-09-11T17:38:06","modified_gmt":"2020-09-11T17:38:06","slug":"ibermusicas-anuncia-la-pronta-apertura-de-nuevas-convocatorias","status":"publish","type":"post","link":"http:\/\/staging.ibermusicas.org\/index.php\/ibermusicas-anuncia-la-pronta-apertura-de-nuevas-convocatorias\/","title":{"rendered":"Iberm\u00fasicas anuncia la pronta apertura de nuevas convocatorias"},"content":{"rendered":"<p>En el marco de un a\u00f1o extremadamente complejo para el sector musical, desde Iberm\u00fasicas apostamos a seguir brindando herramientas que permitan fortalecer el sector.<\/p>\n<p>El Consejo Intergubernamental de Iberm\u00fasicas ha mantenido intensas y profundas reflexiones sobre el momento que atraviesa el sector con la firme intenci\u00f3n de dise\u00f1ar herramientas flexibles ante la adversa y cambiante realidad actual.<\/p>\n<p>Muy pronto abriremos nuestras convocatorias para ayudas econ\u00f3micas reorientando objetivos a fin de contemplar la modalidad de trabajo virtual e incentivar la inclusi\u00f3n de todas y todos los agentes de la cadena productiva del sector musical (t\u00e9cnicos\/as, productores\/as, comunicadores\/as, gestores\/as, etc.)<\/p>\n<p>En pocos d\u00edas m\u00e1s estar\u00e1n disponibles las nuevas convocatorias. Todos los y las integrantes del sector musical de los pa\u00edses miembros de Iberm\u00fasicas estar\u00e1n invitados a participar en\u00a0<a href=\"http:\/\/staging.ibermusicas.org\/index.php\/convocatorias\/\" target=\"_blank\" rel=\"noopener noreferrer\">staging.ibermusicas.org<\/a><\/p>\n","protected":false},"excerpt":{"rendered":"<p>En el marco de un a\u00f1o extremadamente complejo para el sector musical, desde Iberm\u00fasicas apostamos a seguir brindando herramientas que permitan fortalecer el sector. El Consejo Intergubernamental de Iberm\u00fasicas ha mantenido intensas y profundas reflexiones sobre el momento que atraviesa el sector con la firme intenci\u00f3n de dise\u00f1ar herramientas flexibles ante la adversa y cambiante [&hellip;]<\/p>\n","protected":false},"author":1,"featured_media":2958,"comment_status":"closed","ping_status":"closed","sticky":false,"template":"","format":"standard","meta":{"footnotes":""},"categories":[53],"tags":[],"class_list":["post-3442","post","type-post","status-publish","format-standard","has-post-thumbnail","hentry","category-noticias-generales"],"lang":"es","translations":{"es":3442,"pt":3444},"pll_sync_post":[],"post_mailing_queue_ids":[],"_links":{"self":[{"href":"http:\/\/staging.ibermusicas.org\/index.php\/wp-json\/wp\/v2\/posts\/3442","targetHints":{"allow":["GET"]}}],"collection":[{"href":"http:\/\/staging.ibermusicas.org\/index.php\/wp-json\/wp\/v2\/posts"}],"about":[{"href":"http:\/\/staging.ibermusicas.org\/index.php\/wp-json\/wp\/v2\/types\/post"}],"author":[{"embeddable":true,"href":"http:\/\/staging.ibermusicas.org\/index.php\/wp-json\/wp\/v2\/users\/1"}],"replies":[{"embeddable":true,"href":"http:\/\/staging.ibermusicas.org\/index.php\/wp-json\/wp\/v2\/comments?post=3442"}],"version-history":[{"count":1,"href":"http:\/\/staging.ibermusicas.org\/index.php\/wp-json\/wp\/v2\/posts\/3442\/revisions"}],"predecessor-version":[{"id":3443,"href":"http:\/\/staging.ibermusicas.org\/index.php\/wp-json\/wp\/v2\/posts\/3442\/revisions\/3443"}],"wp:featuredmedia":[{"embeddable":true,"href":"http:\/\/staging.ibermusicas.org\/index.php\/wp-json\/wp\/v2\/media\/2958"}],"wp:attachment":[{"href":"http:\/\/staging.ibermusicas.org\/index.php\/wp-json\/wp\/v2\/media?parent=3442"}],"wp:term":[{"taxonomy":"category","embeddable":true,"href":"http:\/\/staging.ibermusicas.org\/index.php\/wp-json\/wp\/v2\/categories?post=3442"},{"taxonomy":"post_tag","embeddable":true,"href":"http:\/\/staging.ibermusicas.org\/index.php\/wp-json\/wp\/v2\/tags?post=3442"}],"curies":[{"name":"wp","href":"https:\/\/api.w.org\/{rel}","templated":true}]}}