{"id":3444,"date":"2020-09-07T15:18:16","date_gmt":"2020-09-07T15:18:16","guid":{"rendered":"http:\/\/staging.ibermusicas.org\/?p=3444"},"modified":"2020-09-11T17:40:18","modified_gmt":"2020-09-11T17:40:18","slug":"ibermusicas-anuncia-a-proxima-abertura-de-novas-convocatorias","status":"publish","type":"post","link":"http:\/\/staging.ibermusicas.org\/index.php\/ibermusicas-anuncia-a-proxima-abertura-de-novas-convocatorias\/","title":{"rendered":"Iberm\u00fasicas anuncia a pr\u00f3xima abertura de novas convocat\u00f3rias"},"content":{"rendered":"<p>No quadro de um ano extremamente complexo para o setor da m\u00fasica, no Programa Iberm\u00fasicas estamos empenhados em continuar a oferecer ferramentas que permitam o fortalecimento do setor.<\/p>\n<p>O Conselho Intergovernamental de Iberm\u00fasicas tem mantido reflex\u00f5es intensas e profundas sobre o momento que atravessa o setor com a firme inten\u00e7\u00e3o de desenhar ferramentas flex\u00edveis face \u00e0 atual realidade adversa e mutante.<\/p>\n<p>} Muito em breve abriremos nossos editais de apoio financeiro reorientando objetivos de forma a contemplar a modalidade de trabalho virtual e estimular a inclus\u00e3o de todos e quaisquer agentes da cadeia produtiva do setor musical (t\u00e9cnicos\/as, produtores\/as, comunicadores\/as, gerentes, etc.)<\/p>\n<p>Em alguns dias as novas chamadas estar\u00e3o dispon\u00edveis. Todos os membros do setor musical dos pa\u00edses membros da Iberm\u00fasicas ser\u00e3o convidados a participar em&nbsp;<a href=\"http:\/\/staging.ibermusicas.org\/index.php\/convocatorias-pt\/\" target=\"_blank\" rel=\"noopener noreferrer\">staging.ibermusicas.org<\/a><\/p>\n","protected":false},"excerpt":{"rendered":"<p>No quadro de um ano extremamente complexo para o setor da m\u00fasica, no Programa Iberm\u00fasicas estamos empenhados em continuar a oferecer ferramentas que permitam o fortalecimento do setor. O Conselho Intergovernamental de Iberm\u00fasicas tem mantido reflex\u00f5es intensas e profundas sobre o momento que atravessa o setor com a firme inten\u00e7\u00e3o de desenhar ferramentas flex\u00edveis face [&hellip;]<\/p>\n","protected":false},"author":1,"featured_media":2958,"comment_status":"closed","ping_status":"closed","sticky":false,"template":"","format":"standard","meta":{"footnotes":""},"categories":[218],"tags":[],"class_list":["post-3444","post","type-post","status-publish","format-standard","has-post-thumbnail","hentry","category-noticias-generales-pt"],"lang":"pt","translations":{"pt":3444,"es":3442},"pll_sync_post":[],"post_mailing_queue_ids":[],"_links":{"self":[{"href":"http:\/\/staging.ibermusicas.org\/index.php\/wp-json\/wp\/v2\/posts\/3444","targetHints":{"allow":["GET"]}}],"collection":[{"href":"http:\/\/staging.ibermusicas.org\/index.php\/wp-json\/wp\/v2\/posts"}],"about":[{"href":"http:\/\/staging.ibermusicas.org\/index.php\/wp-json\/wp\/v2\/types\/post"}],"author":[{"embeddable":true,"href":"http:\/\/staging.ibermusicas.org\/index.php\/wp-json\/wp\/v2\/users\/1"}],"replies":[{"embeddable":true,"href":"http:\/\/staging.ibermusicas.org\/index.php\/wp-json\/wp\/v2\/comments?post=3444"}],"version-history":[{"count":2,"href":"http:\/\/staging.ibermusicas.org\/index.php\/wp-json\/wp\/v2\/posts\/3444\/revisions"}],"predecessor-version":[{"id":3478,"href":"http:\/\/staging.ibermusicas.org\/index.php\/wp-json\/wp\/v2\/posts\/3444\/revisions\/3478"}],"wp:featuredmedia":[{"embeddable":true,"href":"http:\/\/staging.ibermusicas.org\/index.php\/wp-json\/wp\/v2\/media\/2958"}],"wp:attachment":[{"href":"http:\/\/staging.ibermusicas.org\/index.php\/wp-json\/wp\/v2\/media?parent=3444"}],"wp:term":[{"taxonomy":"category","embeddable":true,"href":"http:\/\/staging.ibermusicas.org\/index.php\/wp-json\/wp\/v2\/categories?post=3444"},{"taxonomy":"post_tag","embeddable":true,"href":"http:\/\/staging.ibermusicas.org\/index.php\/wp-json\/wp\/v2\/tags?post=3444"}],"curies":[{"name":"wp","href":"https:\/\/api.w.org\/{rel}","templated":true}]}}