{"id":3449,"date":"2020-09-07T15:30:54","date_gmt":"2020-09-07T15:30:54","guid":{"rendered":"http:\/\/staging.ibermusicas.org\/?p=3449"},"modified":"2020-12-03T17:16:27","modified_gmt":"2020-12-03T17:16:27","slug":"estamos-a-poucos-dias-do-encerramento-de-nosso-premio-de-criacao-de-cancoes","status":"publish","type":"post","link":"http:\/\/staging.ibermusicas.org\/index.php\/estamos-a-poucos-dias-do-encerramento-de-nosso-premio-de-criacao-de-cancoes\/","title":{"rendered":"Com grande sucesso, ele finalizou as inscri\u00e7\u00f5es o Pr\u00eamio de Cria\u00e7\u00e3o de Can\u00e7\u00f5es"},"content":{"rendered":"<p>Na noite de ter\u00e7a-feira, 15 de setembro, foi encerrada a recep\u00e7\u00e3o das propostas a serem apresentadas para o Pr\u00eamio Cria\u00e7\u00e3o de Can\u00e7\u00e3o, inaugurado em 3 de julho de 2020. Foram recebidas mais de 2300 can\u00e7\u00f5es in\u00e9ditas. O grande n\u00famero de inscri\u00e7\u00f5es apresentadas excedeu em muito as previs\u00f5es mais otimistas.<\/p>\n<p>Com o intuito de favorecer um maior n\u00famero de artistas num momento t\u00e3o particular, tr\u00eas compositores ser\u00e3o premiados por cada um dos pa\u00edses que integram o Programa com um pr\u00e9mio de 1000 USD para cada uma das can\u00e7\u00f5es seleccionadas como vencedoras.<\/p>\n","protected":false},"excerpt":{"rendered":"<p>Na noite de ter\u00e7a-feira, 15 de setembro, foi encerrada a recep\u00e7\u00e3o das propostas a serem apresentadas para o Pr\u00eamio Cria\u00e7\u00e3o de Can\u00e7\u00e3o, inaugurado em 3 de julho de 2020. Foram recebidas mais de 2300 can\u00e7\u00f5es in\u00e9ditas. O grande n\u00famero de inscri\u00e7\u00f5es apresentadas excedeu em muito as previs\u00f5es mais otimistas. Com o intuito de favorecer um [&hellip;]<\/p>\n","protected":false},"author":1,"featured_media":3447,"comment_status":"closed","ping_status":"closed","sticky":false,"template":"","format":"standard","meta":{"footnotes":""},"categories":[218],"tags":[],"class_list":["post-3449","post","type-post","status-publish","format-standard","has-post-thumbnail","hentry","category-noticias-generales-pt"],"lang":"pt","translations":{"pt":3449,"es":3446},"pll_sync_post":[],"post_mailing_queue_ids":[],"_links":{"self":[{"href":"http:\/\/staging.ibermusicas.org\/index.php\/wp-json\/wp\/v2\/posts\/3449","targetHints":{"allow":["GET"]}}],"collection":[{"href":"http:\/\/staging.ibermusicas.org\/index.php\/wp-json\/wp\/v2\/posts"}],"about":[{"href":"http:\/\/staging.ibermusicas.org\/index.php\/wp-json\/wp\/v2\/types\/post"}],"author":[{"embeddable":true,"href":"http:\/\/staging.ibermusicas.org\/index.php\/wp-json\/wp\/v2\/users\/1"}],"replies":[{"embeddable":true,"href":"http:\/\/staging.ibermusicas.org\/index.php\/wp-json\/wp\/v2\/comments?post=3449"}],"version-history":[{"count":3,"href":"http:\/\/staging.ibermusicas.org\/index.php\/wp-json\/wp\/v2\/posts\/3449\/revisions"}],"predecessor-version":[{"id":3490,"href":"http:\/\/staging.ibermusicas.org\/index.php\/wp-json\/wp\/v2\/posts\/3449\/revisions\/3490"}],"wp:featuredmedia":[{"embeddable":true,"href":"http:\/\/staging.ibermusicas.org\/index.php\/wp-json\/wp\/v2\/media\/3447"}],"wp:attachment":[{"href":"http:\/\/staging.ibermusicas.org\/index.php\/wp-json\/wp\/v2\/media?parent=3449"}],"wp:term":[{"taxonomy":"category","embeddable":true,"href":"http:\/\/staging.ibermusicas.org\/index.php\/wp-json\/wp\/v2\/categories?post=3449"},{"taxonomy":"post_tag","embeddable":true,"href":"http:\/\/staging.ibermusicas.org\/index.php\/wp-json\/wp\/v2\/tags?post=3449"}],"curies":[{"name":"wp","href":"https:\/\/api.w.org\/{rel}","templated":true}]}}