{"id":3474,"date":"2020-09-11T17:33:41","date_gmt":"2020-09-11T17:33:41","guid":{"rendered":"http:\/\/staging.ibermusicas.org\/?p=3474"},"modified":"2020-12-03T17:03:34","modified_gmt":"2020-12-03T17:03:34","slug":"ibermusicas-lanza-sus-convocatorias-2020-para-actividades-a-realizarse-durante-2021","status":"publish","type":"post","link":"http:\/\/staging.ibermusicas.org\/index.php\/ibermusicas-lanza-sus-convocatorias-2020-para-actividades-a-realizarse-durante-2021\/","title":{"rendered":"Iberm\u00fasicas lanza sus convocatorias 2020 para actividades a realizarse durante 2021"},"content":{"rendered":"<p>Dentro del marco de extrema complejidad que ha causado la contingencia de la pandemia para la comunidad en general y para el sector musical en particular, el Consejo Intergubernamental de Iberm\u00fasicas ha mantenido intensas y profundas reflexiones con la firme intenci\u00f3n de dise\u00f1ar herramientas flexibles ante la adversa y cambiante realidad actual.<\/p>\n<p>Considerando la dificultad de programar acciones internacionales en el corto plazo, Iberm\u00fasicas reorienta sus objetivos con el fin de seguir brindando herramientas que permitan fortalecer el sector. Siempre con acciones tendientes a fomentar el mercado de trabajo de las m\u00fasicas y los m\u00fasicos y de Iberoam\u00e9rica, Iberm\u00fasicas abre una nueva convocatoria de ayudas al sector musical.<\/p>\n<p>Est\u00e1n habilitados a participar de esta convocatoria m\u00fasicas\/os, creadores, grupos, ensambles, coros, orquestas, investigadores, t\u00e9cnicos\/as, productores\/as, comunicadores\/as, gestores\/as, capacitadores, formadores, talleristas, luthiers, festivales, ferias, mercados, plataformas, centros de experimentaci\u00f3n musical, laboratorios de creaci\u00f3n, entidades y emprendimientos emergentes del sector (start up). Con esta nueva l\u00ednea de acci\u00f3n Iberm\u00fasicas invita a todos los actores del sector a dise\u00f1ar y crear innovadoras formas de cooperaci\u00f3n en la investigaci\u00f3n, aproximaci\u00f3n, experimentaci\u00f3n y desarrollo de las m\u00fasicas iberoamericanas.<\/p>\n<p>A la vez abrigamos la esperanza de que durante el a\u00f1o entrante se vaya manifestando una paulatina mejor\u00eda de la situaci\u00f3n sanitaria que permita el desplazamiento de personas entre pa\u00edses y puedan de ese modo volver a llevarse a cabo algunas actividades de movilidad. Es por ello que tambi\u00e9n lanzamos convocatorias para ayudas a la movilidad de m\u00fasicas y m\u00fasicos destinadas tanto a solistas y agrupaciones como a festivales, mercados y encuentros.<\/p>\n<p>Las solicitudes podr\u00e1n presentarse desde el d\u00eda 11 de setiembre de 2020 hasta el 16 de noviembre de 2020.<\/p>\n<p><a href=\"http:\/\/staging.ibermusicas.org\/index.php\/convocatorias\/\" target=\"_blank\" rel=\"noopener noreferrer\"><strong>\u2022 AYUDAS AL SECTOR MUSICAL EN MODALIDAD VIRTUAL<\/strong><\/a><\/p>\n<p><a href=\"http:\/\/staging.ibermusicas.org\/index.php\/convocatorias\/\" target=\"_blank\" rel=\"noopener noreferrer\"><strong>\u2022 AYUDAS A LA MOVILIDAD DE M\u00daSICAS Y M\u00daSICOS<\/strong><\/a><\/p>\n<p><a href=\"http:\/\/staging.ibermusicas.org\/index.php\/convocatorias\/\" target=\"_blank\" rel=\"noopener noreferrer\"><strong>\u2022 AYUDAS A FESTIVALES, MERCADOS Y ENCUENTROS PARA LA MOVILIDAD DE M\u00daSICAS Y M\u00daSICOS<\/strong><\/a><\/p>\n","protected":false},"excerpt":{"rendered":"<p>Dentro del marco de extrema complejidad que ha causado la contingencia de la pandemia para la comunidad en general y para el sector musical en particular, el Consejo Intergubernamental de Iberm\u00fasicas ha mantenido intensas y profundas reflexiones con la firme intenci\u00f3n de dise\u00f1ar herramientas flexibles ante la adversa y cambiante realidad actual. Considerando la dificultad [&hellip;]<\/p>\n","protected":false},"author":1,"featured_media":3472,"comment_status":"closed","ping_status":"closed","sticky":false,"template":"","format":"standard","meta":{"footnotes":""},"categories":[53],"tags":[],"class_list":["post-3474","post","type-post","status-publish","format-standard","has-post-thumbnail","hentry","category-noticias-generales"],"lang":"es","translations":{"es":3474},"pll_sync_post":[],"post_mailing_queue_ids":[],"_links":{"self":[{"href":"http:\/\/staging.ibermusicas.org\/index.php\/wp-json\/wp\/v2\/posts\/3474","targetHints":{"allow":["GET"]}}],"collection":[{"href":"http:\/\/staging.ibermusicas.org\/index.php\/wp-json\/wp\/v2\/posts"}],"about":[{"href":"http:\/\/staging.ibermusicas.org\/index.php\/wp-json\/wp\/v2\/types\/post"}],"author":[{"embeddable":true,"href":"http:\/\/staging.ibermusicas.org\/index.php\/wp-json\/wp\/v2\/users\/1"}],"replies":[{"embeddable":true,"href":"http:\/\/staging.ibermusicas.org\/index.php\/wp-json\/wp\/v2\/comments?post=3474"}],"version-history":[{"count":1,"href":"http:\/\/staging.ibermusicas.org\/index.php\/wp-json\/wp\/v2\/posts\/3474\/revisions"}],"predecessor-version":[{"id":3475,"href":"http:\/\/staging.ibermusicas.org\/index.php\/wp-json\/wp\/v2\/posts\/3474\/revisions\/3475"}],"wp:featuredmedia":[{"embeddable":true,"href":"http:\/\/staging.ibermusicas.org\/index.php\/wp-json\/wp\/v2\/media\/3472"}],"wp:attachment":[{"href":"http:\/\/staging.ibermusicas.org\/index.php\/wp-json\/wp\/v2\/media?parent=3474"}],"wp:term":[{"taxonomy":"category","embeddable":true,"href":"http:\/\/staging.ibermusicas.org\/index.php\/wp-json\/wp\/v2\/categories?post=3474"},{"taxonomy":"post_tag","embeddable":true,"href":"http:\/\/staging.ibermusicas.org\/index.php\/wp-json\/wp\/v2\/tags?post=3474"}],"curies":[{"name":"wp","href":"https:\/\/api.w.org\/{rel}","templated":true}]}}