{"id":3476,"date":"2020-09-16T05:37:00","date_gmt":"2020-09-16T05:37:00","guid":{"rendered":"http:\/\/staging.ibermusicas.org\/?p=3476"},"modified":"2020-10-27T14:38:34","modified_gmt":"2020-10-27T14:38:34","slug":"estamos-a-pocos-dias-del-cierre-de-nuestro-premio-de-creacion-de-cancion-2","status":"publish","type":"post","link":"http:\/\/staging.ibermusicas.org\/index.php\/estamos-a-pocos-dias-del-cierre-de-nuestro-premio-de-creacion-de-cancion-2\/","title":{"rendered":"Con gran \u00e9xito, cerraron las inscripciones para el Premio de Creaci\u00f3n de Canci\u00f3n"},"content":{"rendered":"<p>En la noche del martes 15 de septiembre se cerr\u00f3 la recepci\u00f3n de propuestas a presentar para el Premio Creaci\u00f3n de la Canci\u00f3n, que se inaugur\u00f3 el 3 de julio de 2020. Se recibieron m\u00e1s de 2300 nuevas canciones. La gran cantidad de trabajos presentados super\u00f3 con creces las predicciones m\u00e1s optimistas.<\/p>\n<p>Con el fin de favorecer a un mayor n\u00famero de artistas en un momento tan particular, tres compositores ser\u00e1n premiados por cada uno de los pa\u00edses que forman parte del Programa con un premio de 1000 USD por cada una de las canciones seleccionadas como ganadoras.<\/p>\n","protected":false},"excerpt":{"rendered":"<p>En la noche del martes 15 de septiembre se cerr\u00f3 la recepci\u00f3n de propuestas a presentar para el Premio Creaci\u00f3n de la Canci\u00f3n, que se inaugur\u00f3 el 3 de julio de 2020. Se recibieron m\u00e1s de 2300 nuevas canciones. La gran cantidad de trabajos presentados super\u00f3 con creces las predicciones m\u00e1s optimistas. Con el fin [&hellip;]<\/p>\n","protected":false},"author":1,"featured_media":3203,"comment_status":"closed","ping_status":"closed","sticky":false,"template":"","format":"standard","meta":{"footnotes":""},"categories":[53],"tags":[],"class_list":["post-3476","post","type-post","status-publish","format-standard","has-post-thumbnail","hentry","category-noticias-generales"],"lang":"es","translations":{"es":3476},"pll_sync_post":[],"post_mailing_queue_ids":[],"_links":{"self":[{"href":"http:\/\/staging.ibermusicas.org\/index.php\/wp-json\/wp\/v2\/posts\/3476","targetHints":{"allow":["GET"]}}],"collection":[{"href":"http:\/\/staging.ibermusicas.org\/index.php\/wp-json\/wp\/v2\/posts"}],"about":[{"href":"http:\/\/staging.ibermusicas.org\/index.php\/wp-json\/wp\/v2\/types\/post"}],"author":[{"embeddable":true,"href":"http:\/\/staging.ibermusicas.org\/index.php\/wp-json\/wp\/v2\/users\/1"}],"replies":[{"embeddable":true,"href":"http:\/\/staging.ibermusicas.org\/index.php\/wp-json\/wp\/v2\/comments?post=3476"}],"version-history":[{"count":4,"href":"http:\/\/staging.ibermusicas.org\/index.php\/wp-json\/wp\/v2\/posts\/3476\/revisions"}],"predecessor-version":[{"id":3491,"href":"http:\/\/staging.ibermusicas.org\/index.php\/wp-json\/wp\/v2\/posts\/3476\/revisions\/3491"}],"wp:featuredmedia":[{"embeddable":true,"href":"http:\/\/staging.ibermusicas.org\/index.php\/wp-json\/wp\/v2\/media\/3203"}],"wp:attachment":[{"href":"http:\/\/staging.ibermusicas.org\/index.php\/wp-json\/wp\/v2\/media?parent=3476"}],"wp:term":[{"taxonomy":"category","embeddable":true,"href":"http:\/\/staging.ibermusicas.org\/index.php\/wp-json\/wp\/v2\/categories?post=3476"},{"taxonomy":"post_tag","embeddable":true,"href":"http:\/\/staging.ibermusicas.org\/index.php\/wp-json\/wp\/v2\/tags?post=3476"}],"curies":[{"name":"wp","href":"https:\/\/api.w.org\/{rel}","templated":true}]}}