{"id":3479,"date":"2020-09-11T17:45:25","date_gmt":"2020-09-11T17:45:25","guid":{"rendered":"http:\/\/staging.ibermusicas.org\/?p=3479"},"modified":"2020-12-03T17:14:15","modified_gmt":"2020-12-03T17:14:15","slug":"ibermusicas-lanca-suas-convocatorias-2020-para-atividades-a-serem-realizadas-durante-2021","status":"publish","type":"post","link":"http:\/\/staging.ibermusicas.org\/index.php\/ibermusicas-lanca-suas-convocatorias-2020-para-atividades-a-serem-realizadas-durante-2021\/","title":{"rendered":"Iberm\u00fasicas lan\u00e7a suas convocat\u00f3rias 2020 para atividades a serem realizadas durante 2021"},"content":{"rendered":"<p>No quadro da extrema complexidade que a conting\u00eancia da pandemia tem causado para a comunidade em geral e para o setor da m\u00fasica em particular, o Conselho Intergovernamental do Programa Iberm\u00fasicas tem mantido intensas e profundas reflex\u00f5es com o firme prop\u00f3sito de desenhar ferramentas flex\u00edveis diante a adversa e mut\u00e1vel situa\u00e7\u00e3o atual.<\/p>\n<p>Considerando a dificuldade de programar a\u00e7\u00f5es internacionais no curto prazo, Iberm\u00fasicas reorienta seus objetivos com o fim de continuar oferecendo ferramentas que permitam fortalecer o setor. Sempre com a\u00e7\u00f5es voltadas a fomentar o mercado de trabalho das m\u00fasicas e dos m\u00fasicos da Iberoam\u00e9rica, Iberm\u00fasicas abre uma nova convocat\u00f3ria de ajudas ao setor musical.<\/p>\n<p>Est\u00e3o habilitados a participar no presente convite m\u00fasicas\/os, criadoras\/es, grupos, conjuntos, corais, orquestras, pesquisadoras\/es, t\u00e9cnicas\/os, produtoras\/es, comunicadoras\/es, gestoras\/es, oficineiroas\/os, workshops, luthiers, festivais, feiras, mercados, plataformas, centros de experimenta\u00e7\u00e3o musical, laborat\u00f3rios de cria\u00e7\u00e3o, entidades e empresas emergentes do setor (start up). Com esta nova linha de a\u00e7\u00e3o Iberm\u00fasicas convida todos os atores do setor a projetar e criar inovadoras formas de coopera\u00e7\u00e3o na pesquisa, aproxima\u00e7\u00e3o, experimenta\u00e7\u00e3o e desenvolvimento das m\u00fasicas ibero-americanas.<\/p>\n<p>Ao mesmo tempo, esperamos que, no pr\u00f3ximo ano, se venha a registar uma melhoria gradual da situa\u00e7\u00e3o sanit\u00e1ria que permita a desloca\u00e7\u00e3o de pessoas entre pa\u00edses e que possam assim retomar algumas actividades de mobilidade. \u00c9 por isso que tamb\u00e9m lan\u00e7amos convocat\u00f3rias para ajudas \u00e0 mobilidade de m\u00fasicas e m\u00fasicos destinadas tanto a solistas e grupos como a festivais, mercados e encontros.<\/p>\n<p>As candidaturas podem ser apresentadas de 11 de setembro de 2020 a 16 de novembro de 2020.<\/p>\n","protected":false},"excerpt":{"rendered":"<p>No quadro da extrema complexidade que a conting\u00eancia da pandemia tem causado para a comunidade em geral e para o setor da m\u00fasica em particular, o Conselho Intergovernamental do Programa Iberm\u00fasicas tem mantido intensas e profundas reflex\u00f5es com o firme prop\u00f3sito de desenhar ferramentas flex\u00edveis diante a adversa e mut\u00e1vel situa\u00e7\u00e3o atual. Considerando a dificuldade [&hellip;]<\/p>\n","protected":false},"author":1,"featured_media":3480,"comment_status":"closed","ping_status":"closed","sticky":false,"template":"","format":"standard","meta":{"footnotes":""},"categories":[218],"tags":[],"class_list":["post-3479","post","type-post","status-publish","format-standard","has-post-thumbnail","hentry","category-noticias-generales-pt"],"lang":"pt","translations":{"pt":3479},"pll_sync_post":[],"post_mailing_queue_ids":[],"_links":{"self":[{"href":"http:\/\/staging.ibermusicas.org\/index.php\/wp-json\/wp\/v2\/posts\/3479","targetHints":{"allow":["GET"]}}],"collection":[{"href":"http:\/\/staging.ibermusicas.org\/index.php\/wp-json\/wp\/v2\/posts"}],"about":[{"href":"http:\/\/staging.ibermusicas.org\/index.php\/wp-json\/wp\/v2\/types\/post"}],"author":[{"embeddable":true,"href":"http:\/\/staging.ibermusicas.org\/index.php\/wp-json\/wp\/v2\/users\/1"}],"replies":[{"embeddable":true,"href":"http:\/\/staging.ibermusicas.org\/index.php\/wp-json\/wp\/v2\/comments?post=3479"}],"version-history":[{"count":1,"href":"http:\/\/staging.ibermusicas.org\/index.php\/wp-json\/wp\/v2\/posts\/3479\/revisions"}],"predecessor-version":[{"id":3481,"href":"http:\/\/staging.ibermusicas.org\/index.php\/wp-json\/wp\/v2\/posts\/3479\/revisions\/3481"}],"wp:featuredmedia":[{"embeddable":true,"href":"http:\/\/staging.ibermusicas.org\/index.php\/wp-json\/wp\/v2\/media\/3480"}],"wp:attachment":[{"href":"http:\/\/staging.ibermusicas.org\/index.php\/wp-json\/wp\/v2\/media?parent=3479"}],"wp:term":[{"taxonomy":"category","embeddable":true,"href":"http:\/\/staging.ibermusicas.org\/index.php\/wp-json\/wp\/v2\/categories?post=3479"},{"taxonomy":"post_tag","embeddable":true,"href":"http:\/\/staging.ibermusicas.org\/index.php\/wp-json\/wp\/v2\/tags?post=3479"}],"curies":[{"name":"wp","href":"https:\/\/api.w.org\/{rel}","templated":true}]}}