{"id":3509,"date":"2020-10-02T18:14:01","date_gmt":"2020-10-02T18:14:01","guid":{"rendered":"http:\/\/staging.ibermusicas.org\/?p=3509"},"modified":"2021-06-01T17:49:06","modified_gmt":"2021-06-01T17:49:06","slug":"ingresan-a-ibermusicas-las-tres-sociedades-de-gestion-de-derechos-musicales-mas-importantes-de-paraguay","status":"publish","type":"post","link":"http:\/\/staging.ibermusicas.org\/index.php\/ingresan-a-ibermusicas-las-tres-sociedades-de-gestion-de-derechos-musicales-mas-importantes-de-paraguay\/","title":{"rendered":"Ingresan a Iberm\u00fasicas las tres sociedades de gesti\u00f3n de derechos musicales m\u00e1s importantes de Paraguay"},"content":{"rendered":"<p>El 15 de septiembre de este a\u00f1o en Asunci\u00f3n del Paraguay se llev\u00f3 a cabo la firma de un convenio hist\u00f3rico de vital importancia para todo el sector musical paraguayo y para el Programa Iberm\u00fasicas. Tras la firma de un memor\u00e1ndum de entendimiento con la Secretar\u00eda Nacional de Cultura (SNC), las sociedades de gesti\u00f3n colectiva Autores Paraguayos Asociados (APA), Asociaci\u00f3n de Int\u00e9rpretes del Paraguay (AIE) y la Sociedad de Gesti\u00f3n de Productores Fonogr\u00e1ficos del Paraguay (SGP), pasar\u00e1n a formar parte del programa Iberm\u00fasicas, con un aporte de US$ 50.000, apuntando a generar un mayor impacto en el sector musical nacional. \u00c9stas ser\u00e1n consideradas como miembros activos aliados a la SNC, lo que incrementar\u00e1 la promoci\u00f3n y beneficio de los m\u00fasicos de todo el pa\u00eds.<\/p>\n<p>\u201cQue estas sociedades se sumen como aportantes, es altamente valorado en la esfera internacional y considerada por la Unidad T\u00e9cnica del Programa como un modelo de gesti\u00f3n a imitar por los pa\u00edses iberoamericanos, lo que es un voto de confianza a las pol\u00edticas culturales que impulsamos desde la Secretar\u00eda Nacional de Cultura\u201d, indic\u00f3 Humberto L\u00f3pez La Bella, director general de Diversidad, Derechos y Procesos Culturales.<\/p>\n<p>Todas y todos los que hacemos Iberm\u00fasicas nos sentimos muy honrados y entusiasmados por sumar a las sociedades de gesti\u00f3n de derechos de m\u00fasica m\u00e1s importantes de Paraguay y felicitamos muy especialmente a Adriana Far\u00edas, Directora de Econom\u00eda Cultural de la Secretar\u00eda Nacional de Cultura del Paraguay e integrante del Consejo Intergubernamental Iberm\u00fasicas y por medio de ella a las autoridades de la Secretar\u00eda de Cultura de Paraguay por este important\u00edsimo logro.<\/p>\n","protected":false},"excerpt":{"rendered":"<p>El 15 de septiembre de este a\u00f1o en Asunci\u00f3n del Paraguay se llev\u00f3 a cabo la firma de un convenio hist\u00f3rico de vital importancia para todo el sector musical paraguayo y para el Programa Iberm\u00fasicas. Tras la firma de un memor\u00e1ndum de entendimiento con la Secretar\u00eda Nacional de Cultura (SNC), las sociedades de gesti\u00f3n colectiva [&hellip;]<\/p>\n","protected":false},"author":1,"featured_media":3510,"comment_status":"closed","ping_status":"closed","sticky":false,"template":"","format":"standard","meta":{"footnotes":""},"categories":[53],"tags":[],"class_list":["post-3509","post","type-post","status-publish","format-standard","has-post-thumbnail","hentry","category-noticias-generales"],"lang":"es","translations":{"es":3509,"pt":3520},"pll_sync_post":[],"post_mailing_queue_ids":[],"_links":{"self":[{"href":"http:\/\/staging.ibermusicas.org\/index.php\/wp-json\/wp\/v2\/posts\/3509","targetHints":{"allow":["GET"]}}],"collection":[{"href":"http:\/\/staging.ibermusicas.org\/index.php\/wp-json\/wp\/v2\/posts"}],"about":[{"href":"http:\/\/staging.ibermusicas.org\/index.php\/wp-json\/wp\/v2\/types\/post"}],"author":[{"embeddable":true,"href":"http:\/\/staging.ibermusicas.org\/index.php\/wp-json\/wp\/v2\/users\/1"}],"replies":[{"embeddable":true,"href":"http:\/\/staging.ibermusicas.org\/index.php\/wp-json\/wp\/v2\/comments?post=3509"}],"version-history":[{"count":1,"href":"http:\/\/staging.ibermusicas.org\/index.php\/wp-json\/wp\/v2\/posts\/3509\/revisions"}],"predecessor-version":[{"id":3511,"href":"http:\/\/staging.ibermusicas.org\/index.php\/wp-json\/wp\/v2\/posts\/3509\/revisions\/3511"}],"wp:featuredmedia":[{"embeddable":true,"href":"http:\/\/staging.ibermusicas.org\/index.php\/wp-json\/wp\/v2\/media\/3510"}],"wp:attachment":[{"href":"http:\/\/staging.ibermusicas.org\/index.php\/wp-json\/wp\/v2\/media?parent=3509"}],"wp:term":[{"taxonomy":"category","embeddable":true,"href":"http:\/\/staging.ibermusicas.org\/index.php\/wp-json\/wp\/v2\/categories?post=3509"},{"taxonomy":"post_tag","embeddable":true,"href":"http:\/\/staging.ibermusicas.org\/index.php\/wp-json\/wp\/v2\/tags?post=3509"}],"curies":[{"name":"wp","href":"https:\/\/api.w.org\/{rel}","templated":true}]}}