{"id":3512,"date":"2020-10-02T18:18:32","date_gmt":"2020-10-02T18:18:32","guid":{"rendered":"http:\/\/staging.ibermusicas.org\/?p=3512"},"modified":"2020-12-03T17:10:49","modified_gmt":"2020-12-03T17:10:49","slug":"en-tabio-cundinamarca-colombia-se-realizara-la-septima-edicion-del-festival-de-arte-estudiantil-que-lleva-adelante-el-colegio-san-francisco-de-asis","status":"publish","type":"post","link":"http:\/\/staging.ibermusicas.org\/index.php\/en-tabio-cundinamarca-colombia-se-realizara-la-septima-edicion-del-festival-de-arte-estudiantil-que-lleva-adelante-el-colegio-san-francisco-de-asis\/","title":{"rendered":"En Tabio, Cundinamarca, Colombia se realizar\u00e1 la s\u00e9ptima edici\u00f3n del Festival de Arte Estudiantil que lleva adelante el Colegio San Francisco de As\u00eds"},"content":{"rendered":"<p>Bajo el lema \u00abEnlazados con el arte y la esperanza\u00bb se realizar\u00e1 en Tabio, la Ciudad Termal de Colombia, el 7\u00b0 Festival de Arte Estudiantil. En esta ocasi\u00f3n en modalidad virtual.<\/p>\n<p>Contar\u00e1 con la participaci\u00f3n de m\u00e1s de 400 artistas de los municipios de Tabio, Ch\u00eda, Tocancip\u00e1, La Calera y Guayabal de S\u00edquima quienes har\u00e1n parte de los montajes art\u00edsticos virtuales del 7\u00b0 Festival de Arte Estudiantil a desarrollarse en el municipio Tabio con un mensaje lleno de uni\u00f3n y fraternidad.<\/p>\n<p>Artistas estudiantiles y profesores de Ecuador, Cuba, M\u00e9xico, Puerto Rico, Brasil, Republica Checa, Espa\u00f1a y Colombia, har\u00e1n parte de cuatro montajes virtuales en las modalidades de coro infantil, coro juvenil, danzas folcl\u00f3ricas y un montaje de una banda virtual con un tema musical in\u00e9dito que lleva por t\u00edtulo \u201cAlgo de Fe\u201d, compuesto especialmente para el momento que vivimos, que lleva un mensaje de esperanza en estos tiempos dif\u00edciles que afronta el mundo.<\/p>\n<p>Los coros del Centro Nacional de M\u00fasica de Concierto de Cuba, Matanzas y Cantor\u00eda Allegretto de Cuba, Quantum Beat de M\u00e9xico, Gymn\u00e1zium de Republica Checa, Coro Infantil de Quito-Ecuador y de Colombia; los Coros Infantiles de Tocancip\u00e1 y La Calera; Colegio San Francisco de As\u00eds de Tabio, Laboratorio Vocal Voces &amp; Movimientos de Medell\u00edn, el coro de la Universidad de la Sabana, la Agrupaci\u00f3n Coral Suas\u00ed de Ch\u00eda; entre otros, hacen parte del gran montaje coral que reunir\u00e1 a m\u00e1s de 150 coristas interpretando dos hermosos temas latinoamericanos: \u201cEl Coqu\u00ed\u201d, canci\u00f3n infantil puertorrique\u00f1a y \u201cBotija de Mi Pa\u00eds\u201d, Candombe del Uruguayo Rub\u00e9n Rada.<\/p>\n<p>\u00b7 Del 5 al 9 de octubre en\u00a0<a href=\"https:\/\/lt.dmsexcl.com\/b64a33cdd529d10a219303b7a21ce4d7-81868bec073b3970fa62af291f12b42d\" target=\"_blank\" rel=\"noopener noreferrer\" data-saferedirecturl=\"https:\/\/www.google.com\/url?q=https:\/\/lt.dmsexcl.com\/b64a33cdd529d10a219303b7a21ce4d7-81868bec073b3970fa62af291f12b42d&amp;source=gmail&amp;ust=1601742760187000&amp;usg=AFQjCNEaW0CbTBg5tarHgjlFFwOFvn_KIA\">www.colegiosanfranciscodeasis.<wbr \/>edu.co<\/a><\/p>\n","protected":false},"excerpt":{"rendered":"<p>Bajo el lema \u00abEnlazados con el arte y la esperanza\u00bb se realizar\u00e1 en Tabio, la Ciudad Termal de Colombia, el 7\u00b0 Festival de Arte Estudiantil. En esta ocasi\u00f3n en modalidad virtual. Contar\u00e1 con la participaci\u00f3n de m\u00e1s de 400 artistas de los municipios de Tabio, Ch\u00eda, Tocancip\u00e1, La Calera y Guayabal de S\u00edquima quienes har\u00e1n [&hellip;]<\/p>\n","protected":false},"author":1,"featured_media":3513,"comment_status":"closed","ping_status":"closed","sticky":false,"template":"","format":"standard","meta":{"footnotes":""},"categories":[53],"tags":[],"class_list":["post-3512","post","type-post","status-publish","format-standard","has-post-thumbnail","hentry","category-noticias-generales"],"lang":"es","translations":{"es":3512,"pt":3526},"pll_sync_post":[],"post_mailing_queue_ids":[],"_links":{"self":[{"href":"http:\/\/staging.ibermusicas.org\/index.php\/wp-json\/wp\/v2\/posts\/3512","targetHints":{"allow":["GET"]}}],"collection":[{"href":"http:\/\/staging.ibermusicas.org\/index.php\/wp-json\/wp\/v2\/posts"}],"about":[{"href":"http:\/\/staging.ibermusicas.org\/index.php\/wp-json\/wp\/v2\/types\/post"}],"author":[{"embeddable":true,"href":"http:\/\/staging.ibermusicas.org\/index.php\/wp-json\/wp\/v2\/users\/1"}],"replies":[{"embeddable":true,"href":"http:\/\/staging.ibermusicas.org\/index.php\/wp-json\/wp\/v2\/comments?post=3512"}],"version-history":[{"count":1,"href":"http:\/\/staging.ibermusicas.org\/index.php\/wp-json\/wp\/v2\/posts\/3512\/revisions"}],"predecessor-version":[{"id":3514,"href":"http:\/\/staging.ibermusicas.org\/index.php\/wp-json\/wp\/v2\/posts\/3512\/revisions\/3514"}],"wp:featuredmedia":[{"embeddable":true,"href":"http:\/\/staging.ibermusicas.org\/index.php\/wp-json\/wp\/v2\/media\/3513"}],"wp:attachment":[{"href":"http:\/\/staging.ibermusicas.org\/index.php\/wp-json\/wp\/v2\/media?parent=3512"}],"wp:term":[{"taxonomy":"category","embeddable":true,"href":"http:\/\/staging.ibermusicas.org\/index.php\/wp-json\/wp\/v2\/categories?post=3512"},{"taxonomy":"post_tag","embeddable":true,"href":"http:\/\/staging.ibermusicas.org\/index.php\/wp-json\/wp\/v2\/tags?post=3512"}],"curies":[{"name":"wp","href":"https:\/\/api.w.org\/{rel}","templated":true}]}}