{"id":3522,"date":"2020-10-03T13:12:33","date_gmt":"2020-10-03T13:12:33","guid":{"rendered":"http:\/\/staging.ibermusicas.org\/?p=3522"},"modified":"2020-12-03T17:13:40","modified_gmt":"2020-12-03T17:13:40","slug":"el-compositor-colombiano-juan-pablo-carreno-estrena-simultaneamente-dos-obras-compuestas-en-sendas-residencias-artisticas-2","status":"publish","type":"post","link":"http:\/\/staging.ibermusicas.org\/index.php\/el-compositor-colombiano-juan-pablo-carreno-estrena-simultaneamente-dos-obras-compuestas-en-sendas-residencias-artisticas-2\/","title":{"rendered":"El compositor colombiano Juan Pablo Carre\u00f1o estrena simult\u00e1neamente dos obras compuestas en sendas residencias art\u00edsticas"},"content":{"rendered":"<p>El mismo d\u00eda casi a la misma hora en Espa\u00f1a y en Francia se estrenar\u00e1n simult\u00e1neamente las obras compuestas por Juan Pablo Carre\u00f1o en sus dos residencias art\u00edsticas.<\/p>\n<p>En Galicia, Espa\u00f1a en el marco del \u00abCiclo en Ruta\u00bb relacionado con el a\u00f1o Xacobeo 2021, el Ensamble Vertixe Sonora estrenar\u00e1 \u00abEstudio sobre la Resistencia 3\u00bb para flauta, saxof\u00f3n, trompeta, tromb\u00f3n, acorde\u00f3n, contrabajo, guitarra el\u00e9ctrica y piano. Vertixe Sonora es un ensemble de c\u00e1mara gallego que fue fundado en 2010. Se trata de una agrupaci\u00f3n especializada en m\u00fasica cl\u00e1sica contempor\u00e1nea dirigida por el compositor Ram\u00f3n Souto. Vertixe Sonora Ensemble se concibi\u00f3 como un colectivo flexible formado por un grupo de solistas especializados en m\u00fasica contempor\u00e1nea que fueran capaces de tocar en combinaciones de instrumentos variadas, con mayor versatilidad que formaciones tradicionales y mayor implicaci\u00f3n por parte de los instrumentistas.<\/p>\n<p>A la vez en la ciudad de Par\u00eds, dentro del ciclo LIVE.BAZAR &#8211; Concerts Radiophoniques en Direct, el d\u00fao Xamp estrenar\u00e1, con la presencia del compositor en la sala, la obra \u00abEstudio sobre la resistencia 2\u00bb para d\u00fao de acordeones microtonales. Xamp es el primer d\u00fao de acordeones microtonales. Son capaces de abarcar todo el espectro infracrom\u00e1tico con la posibilidad de crear sonoridades novedos\u00edsimas est\u00e1 integrado por Fanny Vicens y Jean-Etienne Sotty.<\/p>\n<p>Formado en Colombia, Los Estados Unidos y Francia, Juan Pablo Carre\u00f1o estudi\u00f3 composici\u00f3n en la Universidad Javeriana con Guillermo Gaviria y Harold V\u00e1squez y en la Florida International University con Orlando Jacinto Garc\u00eda. En Par\u00eds integr\u00f3 la clase de composici\u00f3n de Jean-Luc Herv\u00e9 en el conservatorio de Nanterre y en el 2006 ingres\u00f3 al programa de composici\u00f3n del Conservatorio de Par\u00eds, donde obtuvo un primer premio de composici\u00f3n en el 2010 bajo la tutela de G\u00e9rard Pesson. Siendo todav\u00eda estudiante en el Conservatorio de Par\u00eds, funda la orquesta Le Balcon. Pensionario de la Academia de Francia en Roma (Villa M\u00e9dicis) entre los a\u00f1os 2011-2013. En el 2012, fue igualmente seleccionado en Nueva York para trabajar con el International Contemporary Ensemble dentro del programa ICElab. En el 2006 gana una de las residencias art\u00edsticas en M\u00e9xico que otorgan conjuntamente el Ministerio de Cultura de Colombia y el FONCA de M\u00e9xico. En el 2008 es seleccionado para participar en los cursos realizados por Salvatore Sciarrino del centro Acanthes en Metz, Francia. En 2010 es invitado como compositor en residencia del Festival Musique sur ciel en Francia y en el 2011 como artista en residencia en El Centre Intermondes en La Rochelle. Su m\u00fasica ha sido tocada en diferentes pa\u00edses de Las Am\u00e9ricas y Europa, por ensambles como el EIC (Ensamble Intercontemporain), el ICE (International Contemporary Ensemble), el Cuarteto Tana y Le Balcon. Su primera \u00f3pera, La Digitale, \u00f3pera de c\u00e1mara sobre los efectos del envenenamiento por digitoxina, comisionada por la \u00d3pera de Marsella y la Fundaci\u00f3n Musical Ernst von Siemens, fue estrenada en diciembre de 2015 en el Teatro de La Cri\u00e9e en Marsella.<\/p>\n<p>\u00b7 Domingo 18 de octubre 18:00 hs. Ensamble Vertixe Sonora en Igrexa de San Domingos, Calle Antero Rub\u00edn, Tui, Pontevedra, Galicia, Espa\u00f1a.<\/p>\n<p>\u00b7 domingo 18 de octubre 19:30 hs. D\u00fao Xamp en LIVE.BAZAR, Hang&#8217;art, 63 Quai de Seine, Paris, Francia<\/p>\n","protected":false},"excerpt":{"rendered":"<p>El mismo d\u00eda casi a la misma hora en Espa\u00f1a y en Francia se estrenar\u00e1n simult\u00e1neamente las obras compuestas por Juan Pablo Carre\u00f1o en sus dos residencias art\u00edsticas. En Galicia, Espa\u00f1a en el marco del \u00abCiclo en Ruta\u00bb relacionado con el a\u00f1o Xacobeo 2021, el Ensamble Vertixe Sonora estrenar\u00e1 \u00abEstudio sobre la Resistencia 3\u00bb para [&hellip;]<\/p>\n","protected":false},"author":1,"featured_media":3516,"comment_status":"closed","ping_status":"closed","sticky":false,"template":"","format":"standard","meta":{"footnotes":""},"categories":[218],"tags":[],"class_list":["post-3522","post","type-post","status-publish","format-standard","has-post-thumbnail","hentry","category-noticias-generales-pt"],"lang":"pt","translations":{"pt":3522},"pll_sync_post":[],"post_mailing_queue_ids":[],"_links":{"self":[{"href":"http:\/\/staging.ibermusicas.org\/index.php\/wp-json\/wp\/v2\/posts\/3522","targetHints":{"allow":["GET"]}}],"collection":[{"href":"http:\/\/staging.ibermusicas.org\/index.php\/wp-json\/wp\/v2\/posts"}],"about":[{"href":"http:\/\/staging.ibermusicas.org\/index.php\/wp-json\/wp\/v2\/types\/post"}],"author":[{"embeddable":true,"href":"http:\/\/staging.ibermusicas.org\/index.php\/wp-json\/wp\/v2\/users\/1"}],"replies":[{"embeddable":true,"href":"http:\/\/staging.ibermusicas.org\/index.php\/wp-json\/wp\/v2\/comments?post=3522"}],"version-history":[{"count":1,"href":"http:\/\/staging.ibermusicas.org\/index.php\/wp-json\/wp\/v2\/posts\/3522\/revisions"}],"predecessor-version":[{"id":3524,"href":"http:\/\/staging.ibermusicas.org\/index.php\/wp-json\/wp\/v2\/posts\/3522\/revisions\/3524"}],"wp:featuredmedia":[{"embeddable":true,"href":"http:\/\/staging.ibermusicas.org\/index.php\/wp-json\/wp\/v2\/media\/3516"}],"wp:attachment":[{"href":"http:\/\/staging.ibermusicas.org\/index.php\/wp-json\/wp\/v2\/media?parent=3522"}],"wp:term":[{"taxonomy":"category","embeddable":true,"href":"http:\/\/staging.ibermusicas.org\/index.php\/wp-json\/wp\/v2\/categories?post=3522"},{"taxonomy":"post_tag","embeddable":true,"href":"http:\/\/staging.ibermusicas.org\/index.php\/wp-json\/wp\/v2\/tags?post=3522"}],"curies":[{"name":"wp","href":"https:\/\/api.w.org\/{rel}","templated":true}]}}