{"id":3728,"date":"2020-10-27T16:48:59","date_gmt":"2020-10-27T16:48:59","guid":{"rendered":"http:\/\/staging.ibermusicas.org\/?p=3728"},"modified":"2020-12-03T17:13:13","modified_gmt":"2020-12-03T17:13:13","slug":"web-en-linea-2","status":"publish","type":"post","link":"http:\/\/staging.ibermusicas.org\/index.php\/web-en-linea-2\/","title":{"rendered":"\u00a1\u00a1\u00a1WEB ONLINE!!!"},"content":{"rendered":"<p>Iberm\u00fasicas comunica que durante a \u00faltima semana sofreu um ataque massivo de bots que for\u00e7aram o servidor da web at\u00e9 sua satura\u00e7\u00e3o, fazendo cair a acessibilidade \u00e0 mesma. Destacamos que os problemas ocasionados foram s\u00f3 a n\u00edvel de acesso e visualiza\u00e7\u00e3o da nossa web, sem nunca ter sido comprometida a informa\u00e7\u00e3o e os contatos da mesma. Lamentamos as inconveni\u00eancias que esta situa\u00e7\u00e3o pode ter causado nas e nos artistas, compositores, formadores, pesquisadores, produtores, empreendedores e todas e todos os que comp\u00f5em o espa\u00e7o musical da Iberoam\u00e9rica.<\/p>\n<p>Aument\u00e1mos todos os sistemas de seguran\u00e7a e protocolos de acesso para garantir que n\u00e3o voltaremos a viver uma experi\u00eancia como esta no futuro. Do nosso lado continuaremos fomentando a presen\u00e7a e o conhecimento da diversidade musical ibero-americana, estimulando a forma\u00e7\u00e3o de novos p\u00fablicos e ampliando o mercado de trabalho das e dos profissionais do setor. Agradecemos a compreens\u00e3o e acompanhamento que a comunidade musical nos proporcionou.<\/p>\n","protected":false},"excerpt":{"rendered":"<p>Iberm\u00fasicas comunica que durante a \u00faltima semana sofreu um ataque massivo de bots que for\u00e7aram o servidor da web at\u00e9 sua satura\u00e7\u00e3o, fazendo cair a acessibilidade \u00e0 mesma. Destacamos que os problemas ocasionados foram s\u00f3 a n\u00edvel de acesso e visualiza\u00e7\u00e3o da nossa web, sem nunca ter sido comprometida a informa\u00e7\u00e3o e os contatos da [&hellip;]<\/p>\n","protected":false},"author":1,"featured_media":3731,"comment_status":"closed","ping_status":"closed","sticky":false,"template":"","format":"standard","meta":{"footnotes":""},"categories":[218],"tags":[],"class_list":["post-3728","post","type-post","status-publish","format-standard","has-post-thumbnail","hentry","category-noticias-generales-pt"],"lang":"pt","translations":{"pt":3728,"es":3723},"pll_sync_post":[],"post_mailing_queue_ids":[],"_links":{"self":[{"href":"http:\/\/staging.ibermusicas.org\/index.php\/wp-json\/wp\/v2\/posts\/3728","targetHints":{"allow":["GET"]}}],"collection":[{"href":"http:\/\/staging.ibermusicas.org\/index.php\/wp-json\/wp\/v2\/posts"}],"about":[{"href":"http:\/\/staging.ibermusicas.org\/index.php\/wp-json\/wp\/v2\/types\/post"}],"author":[{"embeddable":true,"href":"http:\/\/staging.ibermusicas.org\/index.php\/wp-json\/wp\/v2\/users\/1"}],"replies":[{"embeddable":true,"href":"http:\/\/staging.ibermusicas.org\/index.php\/wp-json\/wp\/v2\/comments?post=3728"}],"version-history":[{"count":2,"href":"http:\/\/staging.ibermusicas.org\/index.php\/wp-json\/wp\/v2\/posts\/3728\/revisions"}],"predecessor-version":[{"id":3730,"href":"http:\/\/staging.ibermusicas.org\/index.php\/wp-json\/wp\/v2\/posts\/3728\/revisions\/3730"}],"wp:featuredmedia":[{"embeddable":true,"href":"http:\/\/staging.ibermusicas.org\/index.php\/wp-json\/wp\/v2\/media\/3731"}],"wp:attachment":[{"href":"http:\/\/staging.ibermusicas.org\/index.php\/wp-json\/wp\/v2\/media?parent=3728"}],"wp:term":[{"taxonomy":"category","embeddable":true,"href":"http:\/\/staging.ibermusicas.org\/index.php\/wp-json\/wp\/v2\/categories?post=3728"},{"taxonomy":"post_tag","embeddable":true,"href":"http:\/\/staging.ibermusicas.org\/index.php\/wp-json\/wp\/v2\/tags?post=3728"}],"curies":[{"name":"wp","href":"https:\/\/api.w.org\/{rel}","templated":true}]}}