{"id":3735,"date":"2020-11-02T16:36:59","date_gmt":"2020-11-02T16:36:59","guid":{"rendered":"http:\/\/staging.ibermusicas.org\/?p=3735"},"modified":"2021-04-15T20:19:58","modified_gmt":"2021-04-15T20:19:58","slug":"conoce-las-canciones-ganadoras-del-vii-premio-ibermusicas-a-la-creacion-de-canciones-canciones-de-la-cuarentena-2","status":"publish","type":"post","link":"http:\/\/staging.ibermusicas.org\/index.php\/conoce-las-canciones-ganadoras-del-vii-premio-ibermusicas-a-la-creacion-de-canciones-canciones-de-la-cuarentena-2\/","title":{"rendered":"\u00a1Conoc\u00e9 las canciones ganadoras del VII Premio Iberm\u00fasicas a la creaci\u00f3n de canciones \u201cCanciones de la cuarentena\u201d!"},"content":{"rendered":"<p>En Iberm\u00fasicas hemos trabajado arduamente durante este a\u00f1o para generar iniciativas que pudiesen multiplicar las ayudas que brindamos a las y los artistas de la regi\u00f3n, conscientes de las dificultades que atraviesa el sector debido a la pandemia. Es por ello que este a\u00f1o anunciamos con gran alegr\u00eda a las y los treinta y tres compositores de las canciones ganadoras del VII Premio Iberm\u00fasicas a la creaci\u00f3n de canciones \u201cCanciones de la cuarentena\u201d!<\/p>\n<p>Este a\u00f1o, recibimos una enorme cantidad de canciones in\u00e9ditas compuestas especialmente durante el transcurrir de la cuarentena en el marco de la Covid-19. Un total de 2372 propuestas que demuestran la riqueza de nuestras m\u00fasicas, la diversidad de los recorridos est\u00e9ticos, las incre\u00edbles sonoridades de toda nuestra vasta regi\u00f3n. Las mismas fueron analizadas bajo un sistema de evaluaciones cruzadas por el cual un jurado, compuesto por destacadas y destacados artistas, periodistas musicales, productores fonogr\u00e1ficos de un pa\u00eds, evalu\u00f3 las postulaciones presentadas por otro pa\u00eds. As\u00ed, las propuestas de Argentina fueron evaluadas por un jurado de Colombia, las de Brasil por un jurado lusoparlante de Argentina, las presentaciones de Chile por un jurado de Per\u00fa, las de Colombia por un jurado de habla hispana de Brasil, las postulaciones de Costa Rica por un jurado de Paraguay, las presentaciones de Cuba por un jurado de Ecuador, las canciones de Ecuador por un jurado de Costa Rica, las de M\u00e9xico por un jurado de Uruguay, las de Panam\u00e1 por un jurado cubano, las de Paraguay por un jurado de Panam\u00e1, las canciones de Per\u00fa por un jurado de M\u00e9xico y las presentaciones de Uruguay por un jurado chileno.<\/p>\n<p>Felicitamos a las y los 33 artistas que han ganado y como siempre invitamos a a todas y todos los integrantes del sector musical iberoamericano a seguir participando de nuestras convocatorias y concursos.<\/p>\n<p>Listado de ganadoras y ganadores\u00a0<a href=\"https:\/\/lt.dmsexcl.com\/08e492de5f47ae03b090ede92314e1a5-81868bec073b3970fa62af291f12b42d\" target=\"_blank\" rel=\"noopener noreferrer\" data-saferedirecturl=\"https:\/\/www.google.com\/url?q=https:\/\/lt.dmsexcl.com\/08e492de5f47ae03b090ede92314e1a5-81868bec073b3970fa62af291f12b42d&amp;source=gmail&amp;ust=1604421193125000&amp;usg=AFQjCNGm3KVXp73LM76LF6CiRQZAGR5XMA\">aqu\u00ed<\/a><\/p>\n","protected":false},"excerpt":{"rendered":"<p>En Iberm\u00fasicas hemos trabajado arduamente durante este a\u00f1o para generar iniciativas que pudiesen multiplicar las ayudas que brindamos a las y los artistas de la regi\u00f3n, conscientes de las dificultades que atraviesa el sector debido a la pandemia. Es por ello que este a\u00f1o anunciamos con gran alegr\u00eda a las y los treinta y tres [&hellip;]<\/p>\n","protected":false},"author":1,"featured_media":2958,"comment_status":"closed","ping_status":"closed","sticky":false,"template":"","format":"standard","meta":{"footnotes":""},"categories":[218],"tags":[],"class_list":["post-3735","post","type-post","status-publish","format-standard","has-post-thumbnail","hentry","category-noticias-generales-pt"],"lang":"pt","translations":{"pt":3735,"es":3732},"pll_sync_post":[],"post_mailing_queue_ids":[],"_links":{"self":[{"href":"http:\/\/staging.ibermusicas.org\/index.php\/wp-json\/wp\/v2\/posts\/3735","targetHints":{"allow":["GET"]}}],"collection":[{"href":"http:\/\/staging.ibermusicas.org\/index.php\/wp-json\/wp\/v2\/posts"}],"about":[{"href":"http:\/\/staging.ibermusicas.org\/index.php\/wp-json\/wp\/v2\/types\/post"}],"author":[{"embeddable":true,"href":"http:\/\/staging.ibermusicas.org\/index.php\/wp-json\/wp\/v2\/users\/1"}],"replies":[{"embeddable":true,"href":"http:\/\/staging.ibermusicas.org\/index.php\/wp-json\/wp\/v2\/comments?post=3735"}],"version-history":[{"count":1,"href":"http:\/\/staging.ibermusicas.org\/index.php\/wp-json\/wp\/v2\/posts\/3735\/revisions"}],"predecessor-version":[{"id":3736,"href":"http:\/\/staging.ibermusicas.org\/index.php\/wp-json\/wp\/v2\/posts\/3735\/revisions\/3736"}],"wp:featuredmedia":[{"embeddable":true,"href":"http:\/\/staging.ibermusicas.org\/index.php\/wp-json\/wp\/v2\/media\/2958"}],"wp:attachment":[{"href":"http:\/\/staging.ibermusicas.org\/index.php\/wp-json\/wp\/v2\/media?parent=3735"}],"wp:term":[{"taxonomy":"category","embeddable":true,"href":"http:\/\/staging.ibermusicas.org\/index.php\/wp-json\/wp\/v2\/categories?post=3735"},{"taxonomy":"post_tag","embeddable":true,"href":"http:\/\/staging.ibermusicas.org\/index.php\/wp-json\/wp\/v2\/tags?post=3735"}],"curies":[{"name":"wp","href":"https:\/\/api.w.org\/{rel}","templated":true}]}}