{"id":3932,"date":"2020-12-03T17:08:35","date_gmt":"2020-12-03T17:08:35","guid":{"rendered":"http:\/\/staging.ibermusicas.org\/?p=3932"},"modified":"2021-03-01T16:24:57","modified_gmt":"2021-03-01T16:24:57","slug":"el-dia-primero-de-diciembre-cerro-el-periodo-de-presentacion-de-obras-al-iii-premio-ibermusicas-de-composicion-para-obra-coral","status":"publish","type":"post","link":"http:\/\/staging.ibermusicas.org\/index.php\/el-dia-primero-de-diciembre-cerro-el-periodo-de-presentacion-de-obras-al-iii-premio-ibermusicas-de-composicion-para-obra-coral\/","title":{"rendered":"El d\u00eda primero de diciembre cerr\u00f3 el per\u00edodo de presentaci\u00f3n de obras al III Premio Iberm\u00fasicas de Composici\u00f3n para Obra Coral"},"content":{"rendered":"<p>Con un total de 156 obras recibidas se dio cierre a la instancia de postulaci\u00f3n a nuestro tercer concurso de Composici\u00f3n de Obra Coral.<\/p>\n<p>Un grupo de destacadas y destacados profesionales, ya se encuentra trabajando en la evaluaci\u00f3n de todas las obras recibidas con el objetivo de escoger a la obra ganadora que ser\u00e1 estrenada prontamente en Cuba bajo la direcci\u00f3n de la Maestra Digna Guerra.<\/p>\n","protected":false},"excerpt":{"rendered":"<p>Con un total de 156 obras recibidas se dio cierre a la instancia de postulaci\u00f3n a nuestro tercer concurso de Composici\u00f3n de Obra Coral. Un grupo de destacadas y destacados profesionales, ya se encuentra trabajando en la evaluaci\u00f3n de todas las obras recibidas con el objetivo de escoger a la obra ganadora que ser\u00e1 estrenada [&hellip;]<\/p>\n","protected":false},"author":1,"featured_media":4050,"comment_status":"closed","ping_status":"closed","sticky":false,"template":"","format":"standard","meta":{"footnotes":""},"categories":[53],"tags":[],"class_list":["post-3932","post","type-post","status-publish","format-standard","has-post-thumbnail","hentry","category-noticias-generales"],"lang":"es","translations":{"es":3932,"pt":3934},"pll_sync_post":[],"post_mailing_queue_ids":[],"_links":{"self":[{"href":"http:\/\/staging.ibermusicas.org\/index.php\/wp-json\/wp\/v2\/posts\/3932","targetHints":{"allow":["GET"]}}],"collection":[{"href":"http:\/\/staging.ibermusicas.org\/index.php\/wp-json\/wp\/v2\/posts"}],"about":[{"href":"http:\/\/staging.ibermusicas.org\/index.php\/wp-json\/wp\/v2\/types\/post"}],"author":[{"embeddable":true,"href":"http:\/\/staging.ibermusicas.org\/index.php\/wp-json\/wp\/v2\/users\/1"}],"replies":[{"embeddable":true,"href":"http:\/\/staging.ibermusicas.org\/index.php\/wp-json\/wp\/v2\/comments?post=3932"}],"version-history":[{"count":1,"href":"http:\/\/staging.ibermusicas.org\/index.php\/wp-json\/wp\/v2\/posts\/3932\/revisions"}],"predecessor-version":[{"id":3933,"href":"http:\/\/staging.ibermusicas.org\/index.php\/wp-json\/wp\/v2\/posts\/3932\/revisions\/3933"}],"wp:featuredmedia":[{"embeddable":true,"href":"http:\/\/staging.ibermusicas.org\/index.php\/wp-json\/wp\/v2\/media\/4050"}],"wp:attachment":[{"href":"http:\/\/staging.ibermusicas.org\/index.php\/wp-json\/wp\/v2\/media?parent=3932"}],"wp:term":[{"taxonomy":"category","embeddable":true,"href":"http:\/\/staging.ibermusicas.org\/index.php\/wp-json\/wp\/v2\/categories?post=3932"},{"taxonomy":"post_tag","embeddable":true,"href":"http:\/\/staging.ibermusicas.org\/index.php\/wp-json\/wp\/v2\/tags?post=3932"}],"curies":[{"name":"wp","href":"https:\/\/api.w.org\/{rel}","templated":true}]}}