{"id":3937,"date":"2020-12-03T17:26:19","date_gmt":"2020-12-03T17:26:19","guid":{"rendered":"http:\/\/staging.ibermusicas.org\/?p=3937"},"modified":"2021-03-02T17:13:44","modified_gmt":"2021-03-02T17:13:44","slug":"el-cantautor-chileno-camilo-antileo-se-presentara-en-vivo-en-guanajuato-mexico","status":"publish","type":"post","link":"http:\/\/staging.ibermusicas.org\/index.php\/el-cantautor-chileno-camilo-antileo-se-presentara-en-vivo-en-guanajuato-mexico\/","title":{"rendered":"El cantautor chileno Camilo Antileo se presentar\u00e1 en vivo en Guanajuato, M\u00e9xico"},"content":{"rendered":"<p>Camilo Antileo realizar\u00e1 un concierto en el marco de la inauguraci\u00f3n de la d\u00e9cima versi\u00f3n del laboratorio audiovisual LabKino Room en la emblem\u00e1tica Plaza de Gallos de Le\u00f3n, en Guanajuato. Ser\u00e1 la segunda gira mexicana de este joven artista chileno. Su primera visita a M\u00e9xico tambi\u00e9n fue posibilitada por Iberm\u00fasicas.<\/p>\n<p>En esta ocasi\u00f3n Camilo Antileo presentar\u00e1 parte de su tercer disco \u201cNewenche\u201d (gente poderosa) y un adelanto de su cuarto trabajo discogr\u00e1fico \u201cKalfv Pewma\u201d (sue\u00f1o azul) en un concierto que ser\u00e1 transmitido en streaming a trav\u00e9s de las redes sociales del LabKino Room 2020.<\/p>\n<p>Camilo Antileo es m\u00fasico y cineasta de origen mapuche. \u201cCreo que el camino a las soluciones tiene un car\u00e1cter pol\u00edtico. La demanda ind\u00edgena es una invitaci\u00f3n para modernizar el Estado, el cual est\u00e1 anclado al siglo XIX, a la idea de una naci\u00f3n \u00fanica e indivisible. Chile es mucho m\u00e1s que eso, debe mirarse al espejo y reconocer la existencia de las nueve primeras naciones de car\u00e1cter ind\u00edgena que preexisten al Estado. Parte de la que creo mi causa es esta, aportar a la construcci\u00f3n de un Chile pluricultural, pluriling\u00fce y plurinacional\u201d.<\/p>\n<p>El evento cuenta con el respaldo de la Direcci\u00f3n de Turismo de Le\u00f3n y de la Secretar\u00eda de Turismo de Guanajuato. Contar\u00e1 con todas las medidas de seguridad en el contexto de la actual pandemia Covid 19. La organizaci\u00f3n, El Colectivo de Cine de Guanajuato, ha participado previamente en instancias formativas y cuenta con la capacitaci\u00f3n que otorg\u00f3 el Ayuntamiento de Le\u00f3n dentro del \u201cTaller de Realizaci\u00f3n de Protocolos de Higiene y Saneamiento para Eventos Masivos.\u201d<\/p>\n<p>\u2022 domingo 13 de diciembre, Plaza de Gallos, Le\u00f3n, Guanajuato, M\u00e9xico.<br \/>\n\u2022 Seguilo por las redes en\u00a0<a href=\"https:\/\/lt.dplrmail.com\/af5273003be5eb288dfb39fdde18bb14-81868bec073b3970fa62af291f12b42d\" target=\"_blank\" rel=\"noopener noreferrer\" data-saferedirecturl=\"https:\/\/www.google.com\/url?q=https:\/\/lt.dplrmail.com\/af5273003be5eb288dfb39fdde18bb14-81868bec073b3970fa62af291f12b42d&amp;source=gmail&amp;ust=1607100106484000&amp;usg=AFQjCNEECNSJ9GUeYwFSogdSSXQ8dN5L_g\">Facebook<\/a>\u00a0o\u00a0<a href=\"https:\/\/lt.dplrmail.com\/ec6f641394be60de044d010aa683be88-81868bec073b3970fa62af291f12b42d\" target=\"_blank\" rel=\"noopener noreferrer\" data-saferedirecturl=\"https:\/\/www.google.com\/url?q=https:\/\/lt.dplrmail.com\/ec6f641394be60de044d010aa683be88-81868bec073b3970fa62af291f12b42d&amp;source=gmail&amp;ust=1607100106484000&amp;usg=AFQjCNH531vZfIUmWWxtXMzB_S8Bzx78nw\">Youtube<\/a><\/p>\n","protected":false},"excerpt":{"rendered":"<p>Camilo Antileo realizar\u00e1 un concierto en el marco de la inauguraci\u00f3n de la d\u00e9cima versi\u00f3n del laboratorio audiovisual LabKino Room en la emblem\u00e1tica Plaza de Gallos de Le\u00f3n, en Guanajuato. Ser\u00e1 la segunda gira mexicana de este joven artista chileno. Su primera visita a M\u00e9xico tambi\u00e9n fue posibilitada por Iberm\u00fasicas. En esta ocasi\u00f3n Camilo Antileo [&hellip;]<\/p>\n","protected":false},"author":1,"featured_media":4062,"comment_status":"closed","ping_status":"closed","sticky":false,"template":"","format":"standard","meta":{"footnotes":""},"categories":[53],"tags":[],"class_list":["post-3937","post","type-post","status-publish","format-standard","has-post-thumbnail","hentry","category-noticias-generales"],"lang":"es","translations":{"es":3937,"pt":3940},"pll_sync_post":[],"post_mailing_queue_ids":[],"_links":{"self":[{"href":"http:\/\/staging.ibermusicas.org\/index.php\/wp-json\/wp\/v2\/posts\/3937","targetHints":{"allow":["GET"]}}],"collection":[{"href":"http:\/\/staging.ibermusicas.org\/index.php\/wp-json\/wp\/v2\/posts"}],"about":[{"href":"http:\/\/staging.ibermusicas.org\/index.php\/wp-json\/wp\/v2\/types\/post"}],"author":[{"embeddable":true,"href":"http:\/\/staging.ibermusicas.org\/index.php\/wp-json\/wp\/v2\/users\/1"}],"replies":[{"embeddable":true,"href":"http:\/\/staging.ibermusicas.org\/index.php\/wp-json\/wp\/v2\/comments?post=3937"}],"version-history":[{"count":1,"href":"http:\/\/staging.ibermusicas.org\/index.php\/wp-json\/wp\/v2\/posts\/3937\/revisions"}],"predecessor-version":[{"id":3939,"href":"http:\/\/staging.ibermusicas.org\/index.php\/wp-json\/wp\/v2\/posts\/3937\/revisions\/3939"}],"wp:featuredmedia":[{"embeddable":true,"href":"http:\/\/staging.ibermusicas.org\/index.php\/wp-json\/wp\/v2\/media\/4062"}],"wp:attachment":[{"href":"http:\/\/staging.ibermusicas.org\/index.php\/wp-json\/wp\/v2\/media?parent=3937"}],"wp:term":[{"taxonomy":"category","embeddable":true,"href":"http:\/\/staging.ibermusicas.org\/index.php\/wp-json\/wp\/v2\/categories?post=3937"},{"taxonomy":"post_tag","embeddable":true,"href":"http:\/\/staging.ibermusicas.org\/index.php\/wp-json\/wp\/v2\/tags?post=3937"}],"curies":[{"name":"wp","href":"https:\/\/api.w.org\/{rel}","templated":true}]}}