{"id":3945,"date":"2020-12-03T17:28:58","date_gmt":"2020-12-03T17:28:58","guid":{"rendered":"http:\/\/staging.ibermusicas.org\/?p=3945"},"modified":"2021-03-02T17:15:07","modified_gmt":"2021-03-02T17:15:07","slug":"beneficiarios-de-ibermusicas-han-realizado-recientemente-las-siguientes-actividades-en-modalidad-virtual-2","status":"publish","type":"post","link":"http:\/\/staging.ibermusicas.org\/index.php\/beneficiarios-de-ibermusicas-han-realizado-recientemente-las-siguientes-actividades-en-modalidad-virtual-2\/","title":{"rendered":"Beneficiarios de Iberm\u00fasicas han realizado recientemente las siguientes actividades en modalidad virtual"},"content":{"rendered":"<p>Paulina Parga, la cantautora mexicana present\u00f3 Manual de Duelo, \u00e1lbum integrado por canciones que surgieron con una funci\u00f3n cat\u00e1rtica desde el proceso personal de duelo de la compositora. Varias de las obras fueron creadas como resultado del periodo de trabajo posterior al 5to Concurso de Composici\u00f3n de Canci\u00f3n Popular Iberm\u00fasicas del cual la artista resultara ganadora.<\/p>\n<p>(5511) Paulina Parga \u2013 \u201cEl duelo del colibr\u00ed\u201d #J\u00f3venesCreadoresContigo &#8211; YouTube<\/p>\n<p>\u2022\u00a0<a href=\"https:\/\/lt.dplrmail.com\/64a21f91e842299fbb1283d3ba04c291-81868bec073b3970fa62af291f12b42d\" target=\"_blank\" rel=\"noopener noreferrer\" data-saferedirecturl=\"https:\/\/www.google.com\/url?q=https:\/\/lt.dplrmail.com\/64a21f91e842299fbb1283d3ba04c291-81868bec073b3970fa62af291f12b42d&amp;source=gmail&amp;ust=1607100106484000&amp;usg=AFQjCNHyJMnQq3vFRab3vjvzNzQT8wPAEw\">https:\/\/www.youtube.com\/<wbr \/>playlist?list=OLAK5uy_<wbr \/>kTnSOG5liJczYUI4JgN2XZ5-r_<wbr \/>hL2pYts<\/a><\/p>\n<p>Marcelo Segreto, ganador del Premio de Creaci\u00f3n de Canciones 2018 por Brasil, lanz\u00f3 recientemente un video clip con la canci\u00f3n 1492, una de las canciones compuestas para el concurso<\/p>\n<p>\u2022\u00a0<a href=\"https:\/\/lt.dplrmail.com\/89ed46709641b0e7aeb1d553b80f6c2c-81868bec073b3970fa62af291f12b42d\" target=\"_blank\" rel=\"noopener noreferrer\" data-saferedirecturl=\"https:\/\/www.google.com\/url?q=https:\/\/lt.dplrmail.com\/89ed46709641b0e7aeb1d553b80f6c2c-81868bec073b3970fa62af291f12b42d&amp;source=gmail&amp;ust=1607100106484000&amp;usg=AFQjCNH7x8lslGjNvfQljqZveXEAEsgqnA\">https:\/\/www.youtube.com\/watch?<wbr \/>v=qKpzrpMXnp0<\/a><\/p>\n<p>Daniel Tatita M\u00e1rquez de Uruguay, comenz\u00f3 su residencia Roboticdrums en el CMMAS<\/p>\n<p>\u2022\u00a0<a href=\"https:\/\/lt.dplrmail.com\/1fe43004d3453793598a4f9df2e5972a-81868bec073b3970fa62af291f12b42d\" target=\"_blank\" rel=\"noopener noreferrer\" data-saferedirecturl=\"https:\/\/www.google.com\/url?q=https:\/\/lt.dplrmail.com\/1fe43004d3453793598a4f9df2e5972a-81868bec073b3970fa62af291f12b42d&amp;source=gmail&amp;ust=1607100106484000&amp;usg=AFQjCNHIbnSDfxuNzLuYSqQ5Ep1QXVEt9w\">https:\/\/youtu.be\/xh5g-srx9gk<\/a><br \/>\n\u2022\u00a0<a href=\"https:\/\/lt.dplrmail.com\/bf1b9eea4da158550626b5364478cc3a-81868bec073b3970fa62af291f12b42d\" target=\"_blank\" rel=\"noopener noreferrer\" data-saferedirecturl=\"https:\/\/www.google.com\/url?q=https:\/\/lt.dplrmail.com\/bf1b9eea4da158550626b5364478cc3a-81868bec073b3970fa62af291f12b42d&amp;source=gmail&amp;ust=1607100106484000&amp;usg=AFQjCNEece0P_FfU5sLv5jBiYYftr79geQ\">https:\/\/www.instagram.com\/tv\/<wbr \/>CIB_pNngful\/?igshid=<wbr \/>nzn1qn3s9gbx<\/a><\/p>\n<p>Banda la Tribu de Panam\u00e1, realiz\u00f3 un concierto en vivo por redes sociales<\/p>\n<p>\u2022\u00a0<a href=\"https:\/\/lt.dplrmail.com\/5c9e7f1a08d459d0058b2f580e8355ed-81868bec073b3970fa62af291f12b42d\" target=\"_blank\" rel=\"noopener noreferrer\" data-saferedirecturl=\"https:\/\/www.google.com\/url?q=https:\/\/lt.dplrmail.com\/5c9e7f1a08d459d0058b2f580e8355ed-81868bec073b3970fa62af291f12b42d&amp;source=gmail&amp;ust=1607100106484000&amp;usg=AFQjCNGj265nBhcoQfYCiG7U2PJG0q5kvg\">https:\/\/www.facebook.com\/<wbr \/>gtribu\/videos\/197449178501602<\/a><\/p>\n","protected":false},"excerpt":{"rendered":"<p>Paulina Parga, la cantautora mexicana present\u00f3 Manual de Duelo, \u00e1lbum integrado por canciones que surgieron con una funci\u00f3n cat\u00e1rtica desde el proceso personal de duelo de la compositora. Varias de las obras fueron creadas como resultado del periodo de trabajo posterior al 5to Concurso de Composici\u00f3n de Canci\u00f3n Popular Iberm\u00fasicas del cual la artista resultara [&hellip;]<\/p>\n","protected":false},"author":1,"featured_media":4065,"comment_status":"closed","ping_status":"closed","sticky":false,"template":"","format":"standard","meta":{"footnotes":""},"categories":[218],"tags":[],"class_list":["post-3945","post","type-post","status-publish","format-standard","has-post-thumbnail","hentry","category-noticias-generales-pt"],"lang":"pt","translations":{"pt":3945,"es":3942},"pll_sync_post":[],"post_mailing_queue_ids":[],"_links":{"self":[{"href":"http:\/\/staging.ibermusicas.org\/index.php\/wp-json\/wp\/v2\/posts\/3945","targetHints":{"allow":["GET"]}}],"collection":[{"href":"http:\/\/staging.ibermusicas.org\/index.php\/wp-json\/wp\/v2\/posts"}],"about":[{"href":"http:\/\/staging.ibermusicas.org\/index.php\/wp-json\/wp\/v2\/types\/post"}],"author":[{"embeddable":true,"href":"http:\/\/staging.ibermusicas.org\/index.php\/wp-json\/wp\/v2\/users\/1"}],"replies":[{"embeddable":true,"href":"http:\/\/staging.ibermusicas.org\/index.php\/wp-json\/wp\/v2\/comments?post=3945"}],"version-history":[{"count":1,"href":"http:\/\/staging.ibermusicas.org\/index.php\/wp-json\/wp\/v2\/posts\/3945\/revisions"}],"predecessor-version":[{"id":3946,"href":"http:\/\/staging.ibermusicas.org\/index.php\/wp-json\/wp\/v2\/posts\/3945\/revisions\/3946"}],"wp:featuredmedia":[{"embeddable":true,"href":"http:\/\/staging.ibermusicas.org\/index.php\/wp-json\/wp\/v2\/media\/4065"}],"wp:attachment":[{"href":"http:\/\/staging.ibermusicas.org\/index.php\/wp-json\/wp\/v2\/media?parent=3945"}],"wp:term":[{"taxonomy":"category","embeddable":true,"href":"http:\/\/staging.ibermusicas.org\/index.php\/wp-json\/wp\/v2\/categories?post=3945"},{"taxonomy":"post_tag","embeddable":true,"href":"http:\/\/staging.ibermusicas.org\/index.php\/wp-json\/wp\/v2\/tags?post=3945"}],"curies":[{"name":"wp","href":"https:\/\/api.w.org\/{rel}","templated":true}]}}