{"id":4036,"date":"2020-12-23T17:39:07","date_gmt":"2020-12-23T17:39:07","guid":{"rendered":"http:\/\/staging.ibermusicas.org\/?p=4036"},"modified":"2021-06-01T17:48:51","modified_gmt":"2021-06-01T17:48:51","slug":"portugal-ingresa-a-ibermusicas-bem-vindos-herois-do-mar-nobre-povo","status":"publish","type":"post","link":"http:\/\/staging.ibermusicas.org\/index.php\/portugal-ingresa-a-ibermusicas-bem-vindos-herois-do-mar-nobre-povo\/","title":{"rendered":"Portugal ingresa a Iberm\u00fasicas: bem-vindos, her\u00f3is do mar, nobre povo!"},"content":{"rendered":"<p>Con enorme alegr\u00eda anunciamos a toda la comunidad musical iberoamericana el ingreso de Portugal como nuevo miembro pleno del Programa Iberm\u00fasicas.<\/p>\n<p>Esta incorporaci\u00f3n marca un hito muy importante para nuestro Programa ya que se trata de la primera naci\u00f3n europea en sumarse a Iberm\u00fasicas. Un pa\u00eds con una enorme diversidad musical que hist\u00f3ricamente ha nutrido al mundo con su lengua y su cultura y que manifiesta actualmente una maravillosa multiculturalidad, tendiendo fuertes lazos de colaboraci\u00f3n cultural hacia \u00c1frica, Asia y Latinoam\u00e9rica. A partir de hoy comienza una nueva etapa que traer\u00e1 mayor desarrollo y proyecci\u00f3n a todo el sector musical iberoamericano. El arribo de nuestras hermanas y hermanos portugueses abrir\u00e1 nuevos y amplios horizontes.<\/p>\n<p>Abrazamos con gran afecto a nuestras nuevas amigas y nuevos amigos de toda la comunidad musical portuguesa. Saludamos a Gra\u00e7a Fonseca, Ministra de Cultura de Portugal y a Lu\u00eds Faro Ramos, presidente del Instituto Cam\u00f5es y agradecemos profundamente el trabajo y compromiso llevado adelante por Am\u00e9rico Rodr\u00edguez, Director General de las Artes del Ministerio de Cultura de Portugal. Bem-vindos, her\u00f3is do mar, nobre povo!<\/p>\n","protected":false},"excerpt":{"rendered":"<p>Con enorme alegr\u00eda anunciamos a toda la comunidad musical iberoamericana el ingreso de Portugal como nuevo miembro pleno del Programa Iberm\u00fasicas. Esta incorporaci\u00f3n marca un hito muy importante para nuestro Programa ya que se trata de la primera naci\u00f3n europea en sumarse a Iberm\u00fasicas. Un pa\u00eds con una enorme diversidad musical que hist\u00f3ricamente ha nutrido [&hellip;]<\/p>\n","protected":false},"author":1,"featured_media":4037,"comment_status":"closed","ping_status":"closed","sticky":false,"template":"","format":"standard","meta":{"footnotes":""},"categories":[53],"tags":[],"class_list":["post-4036","post","type-post","status-publish","format-standard","has-post-thumbnail","hentry","category-noticias-generales"],"lang":"es","translations":{"es":4036,"pt":4039},"pll_sync_post":[],"post_mailing_queue_ids":[],"_links":{"self":[{"href":"http:\/\/staging.ibermusicas.org\/index.php\/wp-json\/wp\/v2\/posts\/4036","targetHints":{"allow":["GET"]}}],"collection":[{"href":"http:\/\/staging.ibermusicas.org\/index.php\/wp-json\/wp\/v2\/posts"}],"about":[{"href":"http:\/\/staging.ibermusicas.org\/index.php\/wp-json\/wp\/v2\/types\/post"}],"author":[{"embeddable":true,"href":"http:\/\/staging.ibermusicas.org\/index.php\/wp-json\/wp\/v2\/users\/1"}],"replies":[{"embeddable":true,"href":"http:\/\/staging.ibermusicas.org\/index.php\/wp-json\/wp\/v2\/comments?post=4036"}],"version-history":[{"count":1,"href":"http:\/\/staging.ibermusicas.org\/index.php\/wp-json\/wp\/v2\/posts\/4036\/revisions"}],"predecessor-version":[{"id":4038,"href":"http:\/\/staging.ibermusicas.org\/index.php\/wp-json\/wp\/v2\/posts\/4036\/revisions\/4038"}],"wp:featuredmedia":[{"embeddable":true,"href":"http:\/\/staging.ibermusicas.org\/index.php\/wp-json\/wp\/v2\/media\/4037"}],"wp:attachment":[{"href":"http:\/\/staging.ibermusicas.org\/index.php\/wp-json\/wp\/v2\/media?parent=4036"}],"wp:term":[{"taxonomy":"category","embeddable":true,"href":"http:\/\/staging.ibermusicas.org\/index.php\/wp-json\/wp\/v2\/categories?post=4036"},{"taxonomy":"post_tag","embeddable":true,"href":"http:\/\/staging.ibermusicas.org\/index.php\/wp-json\/wp\/v2\/tags?post=4036"}],"curies":[{"name":"wp","href":"https:\/\/api.w.org\/{rel}","templated":true}]}}