{"id":4041,"date":"2020-12-23T17:44:40","date_gmt":"2020-12-23T17:44:40","guid":{"rendered":"http:\/\/staging.ibermusicas.org\/?p=4041"},"modified":"2021-06-01T17:46:18","modified_gmt":"2021-06-01T17:46:18","slug":"ibermusicas-anuncia-los-proyectos-seleccionados-de-sus-convocatorias-2020","status":"publish","type":"post","link":"http:\/\/staging.ibermusicas.org\/index.php\/ibermusicas-anuncia-los-proyectos-seleccionados-de-sus-convocatorias-2020\/","title":{"rendered":"Iberm\u00fasicas anuncia los proyectos seleccionados de sus convocatorias 2020"},"content":{"rendered":"<p>Fieles a nuestro compromiso de dinamizar el espacio musical de toda la regi\u00f3n Iberoamericana mediante pol\u00edticas p\u00fablicas de fomento y apoyo a la actividad profesional de las y los artistas musicales, promoviendo la profesionalizaci\u00f3n, accesibilidad, inclusi\u00f3n y difusi\u00f3n de las m\u00fasicas en todas sus formas, estilos, g\u00e9neros y tradiciones, anunciamos los proyectos seleccionados en nuestras l\u00edneas de Ayudas al sector musical en modalidad virtual, Movilidad de m\u00fasicas y m\u00fasicos y Ayudas a festivales, mercados y encuentros para la movilidad de m\u00fasicas y m\u00fasicos 2020.<\/p>\n<p>Para quienes hacemos Iberm\u00fasicas es motivo de orgullo seguir realizando acciones tendientes a fomentar el mercado de trabajo de las m\u00fasicas y los m\u00fasicos de Iberoam\u00e9rica dentro del marco de extrema complejidad que est\u00e1 viviendo el mundo en general y el sector musical en particular. Desde nuestro espacio hemos trabajado intensamente a fin de poder brindar ayudas al sector llegando a la mayor cantidad de beneficiarias y beneficiarios posible, incentivando la presencia y el conocimiento de la diversidad musical iberoamericana, estimulando la formaci\u00f3n de nuevos p\u00fablicos y ampliando el mercado de trabajo de las y los profesionales del sector.<\/p>\n<p>Las y los jurados convocados han trabajado arduamente realizando una exhaustiva selecci\u00f3n entre una gran cantidad de propuestas recibidas de alta calidad art\u00edstica y profesional. Entre los m\u00faltiples par\u00e1metros tenidos en cuenta en esta selecci\u00f3n se han tenido en especial consideraci\u00f3n la cantidad de agentes vinculados en cada uno de los proyectos y los distintos eslabones de la cadena productiva que est\u00e1n involucrados.<\/p>\n<p>Acerc\u00e1ndonos ya a los primeros diez a\u00f1os del Programa seguimos apostando por el crecimiento de todo el sector musical iberoamericano, reafirmando el alto valor que tiene la cultura como factor de cohesi\u00f3n y desarrollo en nuestras sociedades.<\/p>\n<p>Como siempre invitamos a todas y todos los integrantes del sector musical iberoamericano a seguir participando de nuestras convocatorias y concursos. Siempre habr\u00e1 novedades y oportunidades.<\/p>\n<p><a href=\"https:\/\/lt.dplrmail.com\/cb46703065a2b78b4f91b95a9d9a3274-81868bec073b3970fa62af291f12b42d\" target=\"_blank\" rel=\"noopener noreferrer\" data-saferedirecturl=\"https:\/\/www.google.com\/url?q=https:\/\/lt.dplrmail.com\/cb46703065a2b78b4f91b95a9d9a3274-81868bec073b3970fa62af291f12b42d&amp;source=gmail&amp;ust=1608830794659000&amp;usg=AFQjCNFgE03ea3Kj6qI3dxrQOujR51N0dg\">Aqu\u00ed podr\u00e1n encontrar los proyectos seleccionados en esta oportunidad<\/a><\/p>\n","protected":false},"excerpt":{"rendered":"<p>Fieles a nuestro compromiso de dinamizar el espacio musical de toda la regi\u00f3n Iberoamericana mediante pol\u00edticas p\u00fablicas de fomento y apoyo a la actividad profesional de las y los artistas musicales, promoviendo la profesionalizaci\u00f3n, accesibilidad, inclusi\u00f3n y difusi\u00f3n de las m\u00fasicas en todas sus formas, estilos, g\u00e9neros y tradiciones, anunciamos los proyectos seleccionados en nuestras [&hellip;]<\/p>\n","protected":false},"author":1,"featured_media":2959,"comment_status":"closed","ping_status":"closed","sticky":false,"template":"","format":"standard","meta":{"footnotes":""},"categories":[53],"tags":[],"class_list":["post-4041","post","type-post","status-publish","format-standard","has-post-thumbnail","hentry","category-noticias-generales"],"lang":"es","translations":{"es":4041,"pt":4044},"pll_sync_post":[],"post_mailing_queue_ids":[],"_links":{"self":[{"href":"http:\/\/staging.ibermusicas.org\/index.php\/wp-json\/wp\/v2\/posts\/4041","targetHints":{"allow":["GET"]}}],"collection":[{"href":"http:\/\/staging.ibermusicas.org\/index.php\/wp-json\/wp\/v2\/posts"}],"about":[{"href":"http:\/\/staging.ibermusicas.org\/index.php\/wp-json\/wp\/v2\/types\/post"}],"author":[{"embeddable":true,"href":"http:\/\/staging.ibermusicas.org\/index.php\/wp-json\/wp\/v2\/users\/1"}],"replies":[{"embeddable":true,"href":"http:\/\/staging.ibermusicas.org\/index.php\/wp-json\/wp\/v2\/comments?post=4041"}],"version-history":[{"count":1,"href":"http:\/\/staging.ibermusicas.org\/index.php\/wp-json\/wp\/v2\/posts\/4041\/revisions"}],"predecessor-version":[{"id":4043,"href":"http:\/\/staging.ibermusicas.org\/index.php\/wp-json\/wp\/v2\/posts\/4041\/revisions\/4043"}],"wp:featuredmedia":[{"embeddable":true,"href":"http:\/\/staging.ibermusicas.org\/index.php\/wp-json\/wp\/v2\/media\/2959"}],"wp:attachment":[{"href":"http:\/\/staging.ibermusicas.org\/index.php\/wp-json\/wp\/v2\/media?parent=4041"}],"wp:term":[{"taxonomy":"category","embeddable":true,"href":"http:\/\/staging.ibermusicas.org\/index.php\/wp-json\/wp\/v2\/categories?post=4041"},{"taxonomy":"post_tag","embeddable":true,"href":"http:\/\/staging.ibermusicas.org\/index.php\/wp-json\/wp\/v2\/tags?post=4041"}],"curies":[{"name":"wp","href":"https:\/\/api.w.org\/{rel}","templated":true}]}}