{"id":4044,"date":"2020-12-23T17:52:18","date_gmt":"2020-12-23T17:52:18","guid":{"rendered":"http:\/\/staging.ibermusicas.org\/?p=4044"},"modified":"2021-06-01T17:46:37","modified_gmt":"2021-06-01T17:46:37","slug":"ibermusicas-anuncia-os-projetos-selecionados-2020","status":"publish","type":"post","link":"http:\/\/staging.ibermusicas.org\/index.php\/ibermusicas-anuncia-os-projetos-selecionados-2020\/","title":{"rendered":"Iberm\u00fasicas anuncia os projetos selecionados 2020"},"content":{"rendered":"<p>Fi\u00e9is ao nosso compromisso de dinamizar o espa\u00e7o musical de toda a regi\u00e3o Ibero-Americana mediante pol\u00edticas p\u00fablicas de fomento e apoio \u00e0 actividade profissional das e dos artistas musicais, promovendo a profissionaliza\u00e7\u00e3o, acessibilidade, inclus\u00e3o e difus\u00e3o das m\u00fasicas em todas as suas formas, estilos, g\u00e9neros e tradi\u00e7\u00f5es, anunciamos os projetos selecionados em nossas linhas de Ajudas ao setor musical em modalidade virtual, Mobilidade de m\u00fasicas e m\u00fasicos e Ajudas a festivais, mercados e encontros para a mobilidade de m\u00fasicas e m\u00fasicos 2020.<\/p>\n<p>Para quem faz Iberm\u00fasicas \u00e9 motivo de orgulho continuar realizando a\u00e7\u00f5es que visam fomentar o mercado de trabalho das m\u00fasicas e dos m\u00fasicos da Iberoam\u00e9rica dentro do quadro de extrema complexidade que est\u00e1 vivendo o mundo em geral e o setor musical em particular. Desde o nosso espa\u00e7o temos trabalhado intensamente para poder oferecer ajudas ao setor chegando ao maior n\u00famero de benefici\u00e1rias e benefici\u00e1rios poss\u00edveis, incentivando a presen\u00e7a e o conhecimento da diversidade musical ibero-americana, a forma\u00e7\u00e3o de novos p\u00fablicos e alargando o mercado de trabalho das e dos profissionais do sector.<\/p>\n<p>Os jurados convocados trabalharam arduamente realizando uma exaustiva sele\u00e7\u00e3o entre uma grande quantidade de propostas recebidas de alta qualidade art\u00edstica e profissional. Entre os m\u00faltiplos par\u00e2metros tidos em conta nesta sele\u00e7\u00e3o foram tidas em especial considera\u00e7\u00e3o a quantidade de agentes vinculados em cada um dos projetos e os diferentes elos da cadeia produtiva que est\u00e3o envolvidos.<\/p>\n<p>Aproximando-nos j\u00e1 aos primeiros dez anos do Programa, continuamos a apostar no crescimento de todo o sector musical ibero-americano reafirmando o valor inestim\u00e1vel da cultura como factor de coes\u00e3o e desenvolvimento nas nossas sociedades.<\/p>\n<p>Como sempre convidamos para todas e todos os integrantes do setor musical ibero-americano a continuar participando de nossas convocat\u00f3rias e concursos. Sempre haver\u00e1 novidades e oportunidades.<\/p>\n<p><a href=\"https:\/\/lt.dplrmail.com\/cb46703065a2b78b4f91b95a9d9a3274-81868bec073b3970fa62af291f12b42d\" target=\"_blank\" rel=\"noopener noreferrer\" data-saferedirecturl=\"https:\/\/www.google.com\/url?q=https:\/\/lt.dplrmail.com\/cb46703065a2b78b4f91b95a9d9a3274-81868bec073b3970fa62af291f12b42d&amp;source=gmail&amp;ust=1608830794659000&amp;usg=AFQjCNFgE03ea3Kj6qI3dxrQOujR51N0dg\">Aqui se podem encontrar os projetos selecionados nesta oportunidade<\/a><\/p>\n","protected":false},"excerpt":{"rendered":"<p>Fi\u00e9is ao nosso compromisso de dinamizar o espa\u00e7o musical de toda a regi\u00e3o Ibero-Americana mediante pol\u00edticas p\u00fablicas de fomento e apoio \u00e0 actividade profissional das e dos artistas musicais, promovendo a profissionaliza\u00e7\u00e3o, acessibilidade, inclus\u00e3o e difus\u00e3o das m\u00fasicas em todas as suas formas, estilos, g\u00e9neros e tradi\u00e7\u00f5es, anunciamos os projetos selecionados em nossas linhas de [&hellip;]<\/p>\n","protected":false},"author":1,"featured_media":4467,"comment_status":"closed","ping_status":"closed","sticky":false,"template":"","format":"standard","meta":{"footnotes":""},"categories":[218],"tags":[],"class_list":["post-4044","post","type-post","status-publish","format-standard","has-post-thumbnail","hentry","category-noticias-generales-pt"],"lang":"pt","translations":{"pt":4044,"es":4041},"pll_sync_post":[],"post_mailing_queue_ids":[],"_links":{"self":[{"href":"http:\/\/staging.ibermusicas.org\/index.php\/wp-json\/wp\/v2\/posts\/4044","targetHints":{"allow":["GET"]}}],"collection":[{"href":"http:\/\/staging.ibermusicas.org\/index.php\/wp-json\/wp\/v2\/posts"}],"about":[{"href":"http:\/\/staging.ibermusicas.org\/index.php\/wp-json\/wp\/v2\/types\/post"}],"author":[{"embeddable":true,"href":"http:\/\/staging.ibermusicas.org\/index.php\/wp-json\/wp\/v2\/users\/1"}],"replies":[{"embeddable":true,"href":"http:\/\/staging.ibermusicas.org\/index.php\/wp-json\/wp\/v2\/comments?post=4044"}],"version-history":[{"count":1,"href":"http:\/\/staging.ibermusicas.org\/index.php\/wp-json\/wp\/v2\/posts\/4044\/revisions"}],"predecessor-version":[{"id":4045,"href":"http:\/\/staging.ibermusicas.org\/index.php\/wp-json\/wp\/v2\/posts\/4044\/revisions\/4045"}],"wp:featuredmedia":[{"embeddable":true,"href":"http:\/\/staging.ibermusicas.org\/index.php\/wp-json\/wp\/v2\/media\/4467"}],"wp:attachment":[{"href":"http:\/\/staging.ibermusicas.org\/index.php\/wp-json\/wp\/v2\/media?parent=4044"}],"wp:term":[{"taxonomy":"category","embeddable":true,"href":"http:\/\/staging.ibermusicas.org\/index.php\/wp-json\/wp\/v2\/categories?post=4044"},{"taxonomy":"post_tag","embeddable":true,"href":"http:\/\/staging.ibermusicas.org\/index.php\/wp-json\/wp\/v2\/tags?post=4044"}],"curies":[{"name":"wp","href":"https:\/\/api.w.org\/{rel}","templated":true}]}}