{"id":4237,"date":"2021-01-19T03:53:58","date_gmt":"2021-01-19T03:53:58","guid":{"rendered":"http:\/\/staging.ibermusicas.org\/?p=4237"},"modified":"2021-03-02T17:13:24","modified_gmt":"2021-03-02T17:13:24","slug":"un-jurado-de-notables-se-encuentra-trabajando-en-la-evaluacion-de-las-obras-presentadas-a-nuestro-premio-ibermusicas-de-composicion-para-obra-coral","status":"publish","type":"post","link":"http:\/\/staging.ibermusicas.org\/index.php\/un-jurado-de-notables-se-encuentra-trabajando-en-la-evaluacion-de-las-obras-presentadas-a-nuestro-premio-ibermusicas-de-composicion-para-obra-coral\/","title":{"rendered":"Un jurado de notables se encuentra trabajando en la evaluaci\u00f3n de las obras presentadas a nuestro \u201cPremio Iberm\u00fasicas de Composici\u00f3n para Obra Coral\u201d"},"content":{"rendered":"<p>Ya ha comenzado el proceso de evaluaci\u00f3n de las 156 obras presentadas al \u201cPremio Iberm\u00fasicas de Composici\u00f3n para Obra Coral &#8211; Tercera edici\u00f3n \u2013 2020\u201d.<\/p>\n<p>El nombre de la compositora o el compositor y el t\u00edtulo de la obra ganadora ser\u00e1n anunciados el d\u00eda 1ero de marzo de 2021 en nuestra web y mediante nuestro newsletter.<\/p>\n<p>La obra premiada ser\u00e1 estrenada en Cuba por una agrupaci\u00f3n coral dirigida por la maestra Digna Guerra.<\/p>\n","protected":false},"excerpt":{"rendered":"<p>Ya ha comenzado el proceso de evaluaci\u00f3n de las 156 obras presentadas al \u201cPremio Iberm\u00fasicas de Composici\u00f3n para Obra Coral &#8211; Tercera edici\u00f3n \u2013 2020\u201d. El nombre de la compositora o el compositor y el t\u00edtulo de la obra ganadora ser\u00e1n anunciados el d\u00eda 1ero de marzo de 2021 en nuestra web y mediante nuestro [&hellip;]<\/p>\n","protected":false},"author":1,"featured_media":4238,"comment_status":"closed","ping_status":"closed","sticky":false,"template":"","format":"standard","meta":{"footnotes":""},"categories":[53],"tags":[],"class_list":["post-4237","post","type-post","status-publish","format-standard","has-post-thumbnail","hentry","category-noticias-generales"],"lang":"es","translations":{"es":4237,"pt":4240},"pll_sync_post":[],"post_mailing_queue_ids":[],"_links":{"self":[{"href":"http:\/\/staging.ibermusicas.org\/index.php\/wp-json\/wp\/v2\/posts\/4237","targetHints":{"allow":["GET"]}}],"collection":[{"href":"http:\/\/staging.ibermusicas.org\/index.php\/wp-json\/wp\/v2\/posts"}],"about":[{"href":"http:\/\/staging.ibermusicas.org\/index.php\/wp-json\/wp\/v2\/types\/post"}],"author":[{"embeddable":true,"href":"http:\/\/staging.ibermusicas.org\/index.php\/wp-json\/wp\/v2\/users\/1"}],"replies":[{"embeddable":true,"href":"http:\/\/staging.ibermusicas.org\/index.php\/wp-json\/wp\/v2\/comments?post=4237"}],"version-history":[{"count":1,"href":"http:\/\/staging.ibermusicas.org\/index.php\/wp-json\/wp\/v2\/posts\/4237\/revisions"}],"predecessor-version":[{"id":4239,"href":"http:\/\/staging.ibermusicas.org\/index.php\/wp-json\/wp\/v2\/posts\/4237\/revisions\/4239"}],"wp:featuredmedia":[{"embeddable":true,"href":"http:\/\/staging.ibermusicas.org\/index.php\/wp-json\/wp\/v2\/media\/4238"}],"wp:attachment":[{"href":"http:\/\/staging.ibermusicas.org\/index.php\/wp-json\/wp\/v2\/media?parent=4237"}],"wp:term":[{"taxonomy":"category","embeddable":true,"href":"http:\/\/staging.ibermusicas.org\/index.php\/wp-json\/wp\/v2\/categories?post=4237"},{"taxonomy":"post_tag","embeddable":true,"href":"http:\/\/staging.ibermusicas.org\/index.php\/wp-json\/wp\/v2\/tags?post=4237"}],"curies":[{"name":"wp","href":"https:\/\/api.w.org\/{rel}","templated":true}]}}