{"id":4240,"date":"2021-01-19T03:54:51","date_gmt":"2021-01-19T03:54:51","guid":{"rendered":"http:\/\/staging.ibermusicas.org\/?p=4240"},"modified":"2021-03-02T17:14:56","modified_gmt":"2021-03-02T17:14:56","slug":"un-jurado-de-notables-se-encuentra-trabajando-en-la-evaluacion-de-las-obras-presentadas-a-nuestro-premio-ibermusicas-de-composicion-para-obra-coral-2","status":"publish","type":"post","link":"http:\/\/staging.ibermusicas.org\/index.php\/un-jurado-de-notables-se-encuentra-trabajando-en-la-evaluacion-de-las-obras-presentadas-a-nuestro-premio-ibermusicas-de-composicion-para-obra-coral-2\/","title":{"rendered":"Um j\u00fari de not\u00e1veis est\u00e1 trabalhando na avalia\u00e7\u00e3o das obras apresentadas ao nosso \u00abPr\u00eamio Iberm\u00fasicas de Composi\u00e7\u00e3o para Obra Coral\u00bb"},"content":{"rendered":"<p>J\u00e1 come\u00e7ou o processo de avalia\u00e7\u00e3o das 156 obras apresentadas ao \u00abPr\u00eamio Iberm\u00fasicas de Composi\u00e7\u00e3o para Obra Coral &#8211; Terceira edi\u00e7\u00e3o &#8211; 2020\u00bb.<\/p>\n<p>O nome da compositora ou do compositor e o t\u00edtulo da obra vencedora ser\u00e3o anunciados no dia 1\u00ba de mar\u00e7o de 2021 em nosso site e atrav\u00e9s de nosso newsletter.<\/p>\n<p>A obra premiada ser\u00e1 estreada em Cuba por um grupo coral dirigido pela mestra Digna Guerra.<\/p>\n","protected":false},"excerpt":{"rendered":"<p>J\u00e1 come\u00e7ou o processo de avalia\u00e7\u00e3o das 156 obras apresentadas ao \u00abPr\u00eamio Iberm\u00fasicas de Composi\u00e7\u00e3o para Obra Coral &#8211; Terceira edi\u00e7\u00e3o &#8211; 2020\u00bb. O nome da compositora ou do compositor e o t\u00edtulo da obra vencedora ser\u00e3o anunciados no dia 1\u00ba de mar\u00e7o de 2021 em nosso site e atrav\u00e9s de nosso newsletter. A obra [&hellip;]<\/p>\n","protected":false},"author":1,"featured_media":4238,"comment_status":"closed","ping_status":"closed","sticky":false,"template":"","format":"standard","meta":{"footnotes":""},"categories":[218],"tags":[],"class_list":["post-4240","post","type-post","status-publish","format-standard","has-post-thumbnail","hentry","category-noticias-generales-pt"],"lang":"pt","translations":{"pt":4240,"es":4237},"pll_sync_post":[],"post_mailing_queue_ids":[],"_links":{"self":[{"href":"http:\/\/staging.ibermusicas.org\/index.php\/wp-json\/wp\/v2\/posts\/4240","targetHints":{"allow":["GET"]}}],"collection":[{"href":"http:\/\/staging.ibermusicas.org\/index.php\/wp-json\/wp\/v2\/posts"}],"about":[{"href":"http:\/\/staging.ibermusicas.org\/index.php\/wp-json\/wp\/v2\/types\/post"}],"author":[{"embeddable":true,"href":"http:\/\/staging.ibermusicas.org\/index.php\/wp-json\/wp\/v2\/users\/1"}],"replies":[{"embeddable":true,"href":"http:\/\/staging.ibermusicas.org\/index.php\/wp-json\/wp\/v2\/comments?post=4240"}],"version-history":[{"count":2,"href":"http:\/\/staging.ibermusicas.org\/index.php\/wp-json\/wp\/v2\/posts\/4240\/revisions"}],"predecessor-version":[{"id":4247,"href":"http:\/\/staging.ibermusicas.org\/index.php\/wp-json\/wp\/v2\/posts\/4240\/revisions\/4247"}],"wp:featuredmedia":[{"embeddable":true,"href":"http:\/\/staging.ibermusicas.org\/index.php\/wp-json\/wp\/v2\/media\/4238"}],"wp:attachment":[{"href":"http:\/\/staging.ibermusicas.org\/index.php\/wp-json\/wp\/v2\/media?parent=4240"}],"wp:term":[{"taxonomy":"category","embeddable":true,"href":"http:\/\/staging.ibermusicas.org\/index.php\/wp-json\/wp\/v2\/categories?post=4240"},{"taxonomy":"post_tag","embeddable":true,"href":"http:\/\/staging.ibermusicas.org\/index.php\/wp-json\/wp\/v2\/tags?post=4240"}],"curies":[{"name":"wp","href":"https:\/\/api.w.org\/{rel}","templated":true}]}}