{"id":4242,"date":"2021-01-19T03:56:02","date_gmt":"2021-01-19T03:56:02","guid":{"rendered":"http:\/\/staging.ibermusicas.org\/?p=4242"},"modified":"2021-02-02T18:52:25","modified_gmt":"2021-02-02T18:52:25","slug":"la-escuela-de-percusion-corporal-latinoamericana-de-argentina-inicia-sus-capacitaciones-on-line","status":"publish","type":"post","link":"http:\/\/staging.ibermusicas.org\/index.php\/la-escuela-de-percusion-corporal-latinoamericana-de-argentina-inicia-sus-capacitaciones-on-line\/","title":{"rendered":"La Escuela de Percusi\u00f3n Corporal Latinoamericana de Argentina inicia sus capacitaciones on line"},"content":{"rendered":"<p>M\u00fasica corporal latinoamericana conecta el pensamiento con la corporalidad para estimular el desarrollo psicomotriz as\u00ed habilitar canales expresivos de creaci\u00f3n y libertad. Trabajan con el sonido en movimiento por el cuerpo como potencial de autoconocimiento y transformaci\u00f3n social placentera. Abordan las emisiones vocales, los movimientos expresivos y la percusi\u00f3n corporal con movilidades sonoras dise\u00f1adas por el m\u00fasico Maximiliano Maglianese y aplicadas al mapa de r\u00edtmicas latinoamericanas mediante repertorios testimoniales.<\/p>\n<p>El 28 de enero dar\u00e1n comienzo al proyecto \u201cLatinoam\u00e9rica en el cuerpo\u201d con la primera capacitaci\u00f3n a docentes, padres y madres de la Escuela Sol, cuya pedagog\u00eda integral pone en valor a los saberes ancestrales como eje transversal de los procesos educativos.<\/p>\n<p>Durante 10 encuentros abordar\u00e1n ese entramado social y sonoro mediante diversas r\u00edtmicas folkl\u00f3ricas argentinas y latinoamericanas, trasladadas de los instrumentos de percusi\u00f3n al cuerpo para contribuir con el acceso democr\u00e1tico a la experiencia musical placentera en el hacer colectivo, desde el hacer individual.<\/p>\n<p>Una vez concluido el proceso de capacitaci\u00f3n editar\u00e1n un material de video que estar\u00e1 disponible para todos aquellos interesados.<\/p>\n","protected":false},"excerpt":{"rendered":"<p>M\u00fasica corporal latinoamericana conecta el pensamiento con la corporalidad para estimular el desarrollo psicomotriz as\u00ed habilitar canales expresivos de creaci\u00f3n y libertad. Trabajan con el sonido en movimiento por el cuerpo como potencial de autoconocimiento y transformaci\u00f3n social placentera. Abordan las emisiones vocales, los movimientos expresivos y la percusi\u00f3n corporal con movilidades sonoras dise\u00f1adas por [&hellip;]<\/p>\n","protected":false},"author":1,"featured_media":4243,"comment_status":"closed","ping_status":"closed","sticky":false,"template":"","format":"standard","meta":{"footnotes":""},"categories":[53],"tags":[],"class_list":["post-4242","post","type-post","status-publish","format-standard","has-post-thumbnail","hentry","category-noticias-generales"],"lang":"es","translations":{"es":4242,"pt":4245},"pll_sync_post":[],"post_mailing_queue_ids":[],"_links":{"self":[{"href":"http:\/\/staging.ibermusicas.org\/index.php\/wp-json\/wp\/v2\/posts\/4242","targetHints":{"allow":["GET"]}}],"collection":[{"href":"http:\/\/staging.ibermusicas.org\/index.php\/wp-json\/wp\/v2\/posts"}],"about":[{"href":"http:\/\/staging.ibermusicas.org\/index.php\/wp-json\/wp\/v2\/types\/post"}],"author":[{"embeddable":true,"href":"http:\/\/staging.ibermusicas.org\/index.php\/wp-json\/wp\/v2\/users\/1"}],"replies":[{"embeddable":true,"href":"http:\/\/staging.ibermusicas.org\/index.php\/wp-json\/wp\/v2\/comments?post=4242"}],"version-history":[{"count":1,"href":"http:\/\/staging.ibermusicas.org\/index.php\/wp-json\/wp\/v2\/posts\/4242\/revisions"}],"predecessor-version":[{"id":4244,"href":"http:\/\/staging.ibermusicas.org\/index.php\/wp-json\/wp\/v2\/posts\/4242\/revisions\/4244"}],"wp:featuredmedia":[{"embeddable":true,"href":"http:\/\/staging.ibermusicas.org\/index.php\/wp-json\/wp\/v2\/media\/4243"}],"wp:attachment":[{"href":"http:\/\/staging.ibermusicas.org\/index.php\/wp-json\/wp\/v2\/media?parent=4242"}],"wp:term":[{"taxonomy":"category","embeddable":true,"href":"http:\/\/staging.ibermusicas.org\/index.php\/wp-json\/wp\/v2\/categories?post=4242"},{"taxonomy":"post_tag","embeddable":true,"href":"http:\/\/staging.ibermusicas.org\/index.php\/wp-json\/wp\/v2\/tags?post=4242"}],"curies":[{"name":"wp","href":"https:\/\/api.w.org\/{rel}","templated":true}]}}