{"id":4245,"date":"2021-01-19T03:57:16","date_gmt":"2021-01-19T03:57:16","guid":{"rendered":"http:\/\/staging.ibermusicas.org\/?p=4245"},"modified":"2021-02-02T18:55:27","modified_gmt":"2021-02-02T18:55:27","slug":"a-escola-de-percussao-corporal-latino-americana-da-argentina-inicia-seus-treinamentos-on-line","status":"publish","type":"post","link":"http:\/\/staging.ibermusicas.org\/index.php\/a-escola-de-percussao-corporal-latino-americana-da-argentina-inicia-seus-treinamentos-on-line\/","title":{"rendered":"A Escola de Percuss\u00e3o Corporal Latino-Americana da Argentina inicia seus treinamentos on-line"},"content":{"rendered":"<p>M\u00fasica corporal latino-americana conecta o pensamento com a corporalidade para estimular o desenvolvimento psicomotriz assim habilitar canais expressivos de cria\u00e7\u00e3o e liberdade. Trabajan con el sonido en movimiento por el cuerpo como potencial de autoconocimiento y transformaci\u00f3n social placentera. Abordan las emisiones vocales, los movimientos expresivos y la percusi\u00f3n corporal con movilidades sonoras dise\u00f1adas por el m\u00fasico Maximiliano Maglianese y aplicadas al mapa de r\u00edtmicas latinoamericanas mediante repertorios testimoniales.<\/p>\n<p>No dia 28 de janeiro dar\u00e3o in\u00edcio ao projeto \u00abAm\u00e9rica Latina no corpo\u00bb com a primeira capacita\u00e7\u00e3o a docentes, pais e m\u00e3es da Escuela Sol, cuja pedagogia integral p\u00f5e em valor os saberes ancestrais como eixo transversal dos processos educativos.<\/p>\n<p>Durante 10 encontros abordar\u00e3o esse tecido social e sonoro mediante diversas r\u00edtmicas folcl\u00f3ricas argentinas e latino-americanas, transpostas dos instrumentos de percuss\u00e3o ao corpo para contribuir com o acesso democr\u00e1tico \u00e0 experi\u00eancia musical prazerosa no fazer coletivo, desde o fazer individual.<\/p>\n<p>Uma vez conclu\u00eddo o processo de treinamento, ser\u00e1 editado um material de v\u00eddeo que estar\u00e1 dispon\u00edvel para todos os interessados.<\/p>\n","protected":false},"excerpt":{"rendered":"<p>M\u00fasica corporal latino-americana conecta o pensamento com a corporalidade para estimular o desenvolvimento psicomotriz assim habilitar canais expressivos de cria\u00e7\u00e3o e liberdade. Trabajan con el sonido en movimiento por el cuerpo como potencial de autoconocimiento y transformaci\u00f3n social placentera. Abordan las emisiones vocales, los movimientos expresivos y la percusi\u00f3n corporal con movilidades sonoras dise\u00f1adas por [&hellip;]<\/p>\n","protected":false},"author":1,"featured_media":4243,"comment_status":"closed","ping_status":"closed","sticky":false,"template":"","format":"standard","meta":{"footnotes":""},"categories":[218],"tags":[],"class_list":["post-4245","post","type-post","status-publish","format-standard","has-post-thumbnail","hentry","category-noticias-generales-pt"],"lang":"pt","translations":{"pt":4245,"es":4242},"pll_sync_post":[],"post_mailing_queue_ids":[],"_links":{"self":[{"href":"http:\/\/staging.ibermusicas.org\/index.php\/wp-json\/wp\/v2\/posts\/4245","targetHints":{"allow":["GET"]}}],"collection":[{"href":"http:\/\/staging.ibermusicas.org\/index.php\/wp-json\/wp\/v2\/posts"}],"about":[{"href":"http:\/\/staging.ibermusicas.org\/index.php\/wp-json\/wp\/v2\/types\/post"}],"author":[{"embeddable":true,"href":"http:\/\/staging.ibermusicas.org\/index.php\/wp-json\/wp\/v2\/users\/1"}],"replies":[{"embeddable":true,"href":"http:\/\/staging.ibermusicas.org\/index.php\/wp-json\/wp\/v2\/comments?post=4245"}],"version-history":[{"count":1,"href":"http:\/\/staging.ibermusicas.org\/index.php\/wp-json\/wp\/v2\/posts\/4245\/revisions"}],"predecessor-version":[{"id":4246,"href":"http:\/\/staging.ibermusicas.org\/index.php\/wp-json\/wp\/v2\/posts\/4245\/revisions\/4246"}],"wp:featuredmedia":[{"embeddable":true,"href":"http:\/\/staging.ibermusicas.org\/index.php\/wp-json\/wp\/v2\/media\/4243"}],"wp:attachment":[{"href":"http:\/\/staging.ibermusicas.org\/index.php\/wp-json\/wp\/v2\/media?parent=4245"}],"wp:term":[{"taxonomy":"category","embeddable":true,"href":"http:\/\/staging.ibermusicas.org\/index.php\/wp-json\/wp\/v2\/categories?post=4245"},{"taxonomy":"post_tag","embeddable":true,"href":"http:\/\/staging.ibermusicas.org\/index.php\/wp-json\/wp\/v2\/tags?post=4245"}],"curies":[{"name":"wp","href":"https:\/\/api.w.org\/{rel}","templated":true}]}}