{"id":4255,"date":"2021-01-19T04:05:17","date_gmt":"2021-01-19T04:05:17","guid":{"rendered":"http:\/\/staging.ibermusicas.org\/?p=4255"},"modified":"2021-02-02T18:51:59","modified_gmt":"2021-02-02T18:51:59","slug":"el-cantautor-chileno-camilo-antileo-realizo-una-presentacion-en-la-mitica-plaza-de-gallos-de-leon-en-guanajuato-mexico","status":"publish","type":"post","link":"http:\/\/staging.ibermusicas.org\/index.php\/el-cantautor-chileno-camilo-antileo-realizo-una-presentacion-en-la-mitica-plaza-de-gallos-de-leon-en-guanajuato-mexico\/","title":{"rendered":"El cantautor chileno Camilo Antileo realiz\u00f3 una presentaci\u00f3n en la m\u00edtica Plaza de Gallos de Le\u00f3n, en Guanajuato, M\u00e9xico"},"content":{"rendered":"<p>Durante el mes de diciembre Camilo Antileo y su banda emprendieron viaje rumbo a M\u00e9xico donde realizaron una presentaci\u00f3n en el sitio hist\u00f3rico de la Plaza de Gallos de Le\u00f3n.<\/p>\n<p>Camilo Antileo aprovech\u00f3 para lanzar oficialmente su colaboraci\u00f3n con la artista mexicana ENE, en la canci\u00f3n llamada Viaje, la que ya se encuentra disponible en plataformas digitales a trav\u00e9s de su sello Casa Robot. La ciudad de Le\u00f3n y su emblem\u00e1tica Plaza de Gallos fue el espacio preciso para presentar por primera vez el tema y realizar un videoclip, dentro del marco de la d\u00e9cima versi\u00f3n del Laboratorio Audiovisual Lab Kino Room, organizado por el Colectivo de Cine de Guanajuato.<\/p>\n<p><a href=\"https:\/\/lt.dplrmail.com\/6ff9a66850d14284b3353da116ee9798-81868bec073b3970fa62af291f12b42d\" target=\"_blank\" rel=\"noopener\" data-saferedirecturl=\"https:\/\/www.google.com\/url?q=https:\/\/lt.dplrmail.com\/6ff9a66850d14284b3353da116ee9798-81868bec073b3970fa62af291f12b42d&amp;source=gmail&amp;ust=1611113439783000&amp;usg=AFQjCNHI_acYkI4njbe2TiET7mOzX72zVw\">Link<\/a><\/p>\n","protected":false},"excerpt":{"rendered":"<p>Durante el mes de diciembre Camilo Antileo y su banda emprendieron viaje rumbo a M\u00e9xico donde realizaron una presentaci\u00f3n en el sitio hist\u00f3rico de la Plaza de Gallos de Le\u00f3n. Camilo Antileo aprovech\u00f3 para lanzar oficialmente su colaboraci\u00f3n con la artista mexicana ENE, en la canci\u00f3n llamada Viaje, la que ya se encuentra disponible en [&hellip;]<\/p>\n","protected":false},"author":1,"featured_media":4265,"comment_status":"closed","ping_status":"closed","sticky":false,"template":"","format":"standard","meta":{"footnotes":""},"categories":[53],"tags":[],"class_list":["post-4255","post","type-post","status-publish","format-standard","has-post-thumbnail","hentry","category-noticias-generales"],"lang":"es","translations":{"es":4255,"pt":4258},"pll_sync_post":[],"post_mailing_queue_ids":[],"_links":{"self":[{"href":"http:\/\/staging.ibermusicas.org\/index.php\/wp-json\/wp\/v2\/posts\/4255","targetHints":{"allow":["GET"]}}],"collection":[{"href":"http:\/\/staging.ibermusicas.org\/index.php\/wp-json\/wp\/v2\/posts"}],"about":[{"href":"http:\/\/staging.ibermusicas.org\/index.php\/wp-json\/wp\/v2\/types\/post"}],"author":[{"embeddable":true,"href":"http:\/\/staging.ibermusicas.org\/index.php\/wp-json\/wp\/v2\/users\/1"}],"replies":[{"embeddable":true,"href":"http:\/\/staging.ibermusicas.org\/index.php\/wp-json\/wp\/v2\/comments?post=4255"}],"version-history":[{"count":1,"href":"http:\/\/staging.ibermusicas.org\/index.php\/wp-json\/wp\/v2\/posts\/4255\/revisions"}],"predecessor-version":[{"id":4257,"href":"http:\/\/staging.ibermusicas.org\/index.php\/wp-json\/wp\/v2\/posts\/4255\/revisions\/4257"}],"wp:featuredmedia":[{"embeddable":true,"href":"http:\/\/staging.ibermusicas.org\/index.php\/wp-json\/wp\/v2\/media\/4265"}],"wp:attachment":[{"href":"http:\/\/staging.ibermusicas.org\/index.php\/wp-json\/wp\/v2\/media?parent=4255"}],"wp:term":[{"taxonomy":"category","embeddable":true,"href":"http:\/\/staging.ibermusicas.org\/index.php\/wp-json\/wp\/v2\/categories?post=4255"},{"taxonomy":"post_tag","embeddable":true,"href":"http:\/\/staging.ibermusicas.org\/index.php\/wp-json\/wp\/v2\/tags?post=4255"}],"curies":[{"name":"wp","href":"https:\/\/api.w.org\/{rel}","templated":true}]}}