{"id":4258,"date":"2021-01-19T04:06:17","date_gmt":"2021-01-19T04:06:17","guid":{"rendered":"http:\/\/staging.ibermusicas.org\/?p=4258"},"modified":"2021-02-02T18:54:26","modified_gmt":"2021-02-02T18:54:26","slug":"o-cantor-e-compositor-chileno-camilo-antileo-fez-uma-apresentacao-na-mitica-plaza-de-gallos-de-leon-em-guanajuato-mexico","status":"publish","type":"post","link":"http:\/\/staging.ibermusicas.org\/index.php\/o-cantor-e-compositor-chileno-camilo-antileo-fez-uma-apresentacao-na-mitica-plaza-de-gallos-de-leon-em-guanajuato-mexico\/","title":{"rendered":"O cantor e compositor chileno Camilo Antileo fez uma apresenta\u00e7\u00e3o na m\u00edtica Plaza de Gallos de Le\u00f3n, em Guanajuato, M\u00e9xico"},"content":{"rendered":"<p>Durante o m\u00eas de dezembro Camilo Antileo e sua banda empreenderam viagem rumo ao M\u00e9xico, onde realizaram uma apresenta\u00e7\u00e3o no local hist\u00f3rico da Praza de Gallos de Le\u00f3n.<\/p>\n<p>Camilo Antileo aproveitou para lan\u00e7ar oficialmente sua colabora\u00e7\u00e3o com a artista mexicana ENE, na can\u00e7\u00e3o chamada Viagem, que j\u00e1 est\u00e1 dispon\u00edvel em plataformas digitais atrav\u00e9s de sua marca Casa Robot. A cidade de Le\u00f3n e seu emblem\u00e1tica Plaza de Gallos foi o espa\u00e7o preciso para apresentar pela primeira vez o tema e realizar um videoclip, dentro do marco da d\u00e9cima vers\u00e3o do Laborat\u00f3rio Audiovisual Lab Kino Room, organizado pelo Coletivo de Cinema de Guanajuato.<\/p>\n<p><a href=\"https:\/\/lt.dplrmail.com\/6ff9a66850d14284b3353da116ee9798-81868bec073b3970fa62af291f12b42d\" target=\"_blank\" rel=\"noopener\" data-saferedirecturl=\"https:\/\/www.google.com\/url?q=https:\/\/lt.dplrmail.com\/6ff9a66850d14284b3353da116ee9798-81868bec073b3970fa62af291f12b42d&amp;source=gmail&amp;ust=1611113439783000&amp;usg=AFQjCNHI_acYkI4njbe2TiET7mOzX72zVw\">Link<\/a><\/p>\n","protected":false},"excerpt":{"rendered":"<p>Durante o m\u00eas de dezembro Camilo Antileo e sua banda empreenderam viagem rumo ao M\u00e9xico, onde realizaram uma apresenta\u00e7\u00e3o no local hist\u00f3rico da Praza de Gallos de Le\u00f3n. Camilo Antileo aproveitou para lan\u00e7ar oficialmente sua colabora\u00e7\u00e3o com a artista mexicana ENE, na can\u00e7\u00e3o chamada Viagem, que j\u00e1 est\u00e1 dispon\u00edvel em plataformas digitais atrav\u00e9s de sua [&hellip;]<\/p>\n","protected":false},"author":1,"featured_media":4266,"comment_status":"closed","ping_status":"closed","sticky":false,"template":"","format":"standard","meta":{"footnotes":""},"categories":[218],"tags":[],"class_list":["post-4258","post","type-post","status-publish","format-standard","has-post-thumbnail","hentry","category-noticias-generales-pt"],"lang":"pt","translations":{"pt":4258,"es":4255},"pll_sync_post":[],"post_mailing_queue_ids":[],"_links":{"self":[{"href":"http:\/\/staging.ibermusicas.org\/index.php\/wp-json\/wp\/v2\/posts\/4258","targetHints":{"allow":["GET"]}}],"collection":[{"href":"http:\/\/staging.ibermusicas.org\/index.php\/wp-json\/wp\/v2\/posts"}],"about":[{"href":"http:\/\/staging.ibermusicas.org\/index.php\/wp-json\/wp\/v2\/types\/post"}],"author":[{"embeddable":true,"href":"http:\/\/staging.ibermusicas.org\/index.php\/wp-json\/wp\/v2\/users\/1"}],"replies":[{"embeddable":true,"href":"http:\/\/staging.ibermusicas.org\/index.php\/wp-json\/wp\/v2\/comments?post=4258"}],"version-history":[{"count":1,"href":"http:\/\/staging.ibermusicas.org\/index.php\/wp-json\/wp\/v2\/posts\/4258\/revisions"}],"predecessor-version":[{"id":4259,"href":"http:\/\/staging.ibermusicas.org\/index.php\/wp-json\/wp\/v2\/posts\/4258\/revisions\/4259"}],"wp:featuredmedia":[{"embeddable":true,"href":"http:\/\/staging.ibermusicas.org\/index.php\/wp-json\/wp\/v2\/media\/4266"}],"wp:attachment":[{"href":"http:\/\/staging.ibermusicas.org\/index.php\/wp-json\/wp\/v2\/media?parent=4258"}],"wp:term":[{"taxonomy":"category","embeddable":true,"href":"http:\/\/staging.ibermusicas.org\/index.php\/wp-json\/wp\/v2\/categories?post=4258"},{"taxonomy":"post_tag","embeddable":true,"href":"http:\/\/staging.ibermusicas.org\/index.php\/wp-json\/wp\/v2\/tags?post=4258"}],"curies":[{"name":"wp","href":"https:\/\/api.w.org\/{rel}","templated":true}]}}