{"id":4263,"date":"2021-01-19T04:08:08","date_gmt":"2021-01-19T04:08:08","guid":{"rendered":"http:\/\/staging.ibermusicas.org\/?p=4263"},"modified":"2021-02-02T18:54:03","modified_gmt":"2021-02-02T18:54:03","slug":"o-grande-marimbista-mexicano-javier-nandayapa-participou-do-festival-internacional-de-percussao-organizado-pelo-grupo-dakel-do-chile","status":"publish","type":"post","link":"http:\/\/staging.ibermusicas.org\/index.php\/o-grande-marimbista-mexicano-javier-nandayapa-participou-do-festival-internacional-de-percussao-organizado-pelo-grupo-dakel-do-chile\/","title":{"rendered":"O grande marimbista mexicano Javier Nandayapa participou do Festival Internacional de Percuss\u00e3o organizado pelo grupo Dakel do Chile"},"content":{"rendered":"<p>Em seu papel de solista e ao mesmo tempo compartilhando algumas pe\u00e7as com m\u00fasicos convidados de diversas partes do mundo, Javier Nandayapa foi parte do primeiro dos concertos do Ciclo \u00abUm concerto em sua casa\u00bb organizado pelo grupo de percuss\u00e3o Dakel do Chile no \u00e2mbito do seu Festival Internacional de Percuss\u00e3o.<\/p>\n<p>Na apresenta\u00e7\u00e3o, se pode n\u00e3o s\u00f3 desfrutar de um maravilhoso e surpreendente concerto ao vivo, mas tamb\u00e9m ter acesso \u00e0 palavra e experi\u00eancia do mestre Nandayapa.<\/p>\n<p><a href=\"https:\/\/lt.dplrmail.com\/69e296420ef29d11f5580338ec7953a7-81868bec073b3970fa62af291f12b42d\" target=\"_blank\" rel=\"noopener\" data-saferedirecturl=\"https:\/\/www.google.com\/url?q=https:\/\/lt.dplrmail.com\/69e296420ef29d11f5580338ec7953a7-81868bec073b3970fa62af291f12b42d&amp;source=gmail&amp;ust=1611113439783000&amp;usg=AFQjCNGY6e5DMnpJ0DQIRIot5T3bCg4CCg\">Link<\/a><\/p>\n","protected":false},"excerpt":{"rendered":"<p>Em seu papel de solista e ao mesmo tempo compartilhando algumas pe\u00e7as com m\u00fasicos convidados de diversas partes do mundo, Javier Nandayapa foi parte do primeiro dos concertos do Ciclo \u00abUm concerto em sua casa\u00bb organizado pelo grupo de percuss\u00e3o Dakel do Chile no \u00e2mbito do seu Festival Internacional de Percuss\u00e3o. Na apresenta\u00e7\u00e3o, se pode [&hellip;]<\/p>\n","protected":false},"author":1,"featured_media":4261,"comment_status":"closed","ping_status":"closed","sticky":false,"template":"","format":"standard","meta":{"footnotes":""},"categories":[218],"tags":[],"class_list":["post-4263","post","type-post","status-publish","format-standard","has-post-thumbnail","hentry","category-noticias-generales-pt"],"lang":"pt","translations":{"pt":4263,"es":4260},"pll_sync_post":[],"post_mailing_queue_ids":[],"_links":{"self":[{"href":"http:\/\/staging.ibermusicas.org\/index.php\/wp-json\/wp\/v2\/posts\/4263","targetHints":{"allow":["GET"]}}],"collection":[{"href":"http:\/\/staging.ibermusicas.org\/index.php\/wp-json\/wp\/v2\/posts"}],"about":[{"href":"http:\/\/staging.ibermusicas.org\/index.php\/wp-json\/wp\/v2\/types\/post"}],"author":[{"embeddable":true,"href":"http:\/\/staging.ibermusicas.org\/index.php\/wp-json\/wp\/v2\/users\/1"}],"replies":[{"embeddable":true,"href":"http:\/\/staging.ibermusicas.org\/index.php\/wp-json\/wp\/v2\/comments?post=4263"}],"version-history":[{"count":1,"href":"http:\/\/staging.ibermusicas.org\/index.php\/wp-json\/wp\/v2\/posts\/4263\/revisions"}],"predecessor-version":[{"id":4264,"href":"http:\/\/staging.ibermusicas.org\/index.php\/wp-json\/wp\/v2\/posts\/4263\/revisions\/4264"}],"wp:featuredmedia":[{"embeddable":true,"href":"http:\/\/staging.ibermusicas.org\/index.php\/wp-json\/wp\/v2\/media\/4261"}],"wp:attachment":[{"href":"http:\/\/staging.ibermusicas.org\/index.php\/wp-json\/wp\/v2\/media?parent=4263"}],"wp:term":[{"taxonomy":"category","embeddable":true,"href":"http:\/\/staging.ibermusicas.org\/index.php\/wp-json\/wp\/v2\/categories?post=4263"},{"taxonomy":"post_tag","embeddable":true,"href":"http:\/\/staging.ibermusicas.org\/index.php\/wp-json\/wp\/v2\/tags?post=4263"}],"curies":[{"name":"wp","href":"https:\/\/api.w.org\/{rel}","templated":true}]}}