{"id":4373,"date":"2021-02-02T18:58:57","date_gmt":"2021-02-02T18:58:57","guid":{"rendered":"http:\/\/staging.ibermusicas.org\/?p=4373"},"modified":"2021-03-02T17:13:16","modified_gmt":"2021-03-02T17:13:16","slug":"comienza-la-inscripcion-para-mujeres-al-tambor-iberoamerica-talleres-virtuales-de-percusion-colombiana-y-brasilena-destinados-a-mujeres-y-mujeres-trans","status":"publish","type":"post","link":"http:\/\/staging.ibermusicas.org\/index.php\/comienza-la-inscripcion-para-mujeres-al-tambor-iberoamerica-talleres-virtuales-de-percusion-colombiana-y-brasilena-destinados-a-mujeres-y-mujeres-trans\/","title":{"rendered":"Comienza la inscripci\u00f3n para Mujeres Al Tambor Iberoam\u00e9rica, talleres virtuales de percusi\u00f3n colombiana y brasile\u00f1a destinados a mujeres y mujeres trans"},"content":{"rendered":"<p>Las maestras colombianas Orito Cantora y Jenn del Tamb\u00f3 coordinar\u00e1n \u201cMujeres al Tambor Iberoam\u00e9rica\u201d, talleres de Percusi\u00f3n Tradicional (Introducci\u00f3n a Ritmos, Tambores y Semillas del Caribe Colombiano y Taller de Maracat\u00fa) destinados a mujeres y mujeres trans. Est\u00e1n dirigidos a 100 participantes por cada sesi\u00f3n y la admisi\u00f3n ser\u00e1 por orden de llegada.<\/p>\n<p>A trav\u00e9s de la plataforma virtual Zoom, crear\u00e1n 7 encuentros de dos horas con talleres gratuitos. 6 de estos talleres estar\u00e1n enfocados en los ritmos Tradicionales del Caribe Colombiano (Cumbia, Garabato, Bullerengue, Son de Negro, Gaita, Maracas) en los instrumentos: Tambora, Tambor Alegre, Llamador, Maracas y un taller con la Maestra Joana Cavalcante de m\u00fasica Tradicional Pernambucana (Maracat\u00fa) en los instrumentos: Agbe, Alfaia y Caja.<\/p>\n<p>\u2022 Cumbia: 15 de febrero<br \/>\n\u2022 Garabato y Chand\u00e9: 18 de febrero<br \/>\n\u2022 Bullerengue: 22 de febrero<br \/>\n\u2022 Maracas: 25 de febrero<br \/>\n\u2022 Son de negro: 1ero de marzo<br \/>\n\u2022 Maracat\u00fa: 4 de marzo<br \/>\n\u2022 Gaita: 8 de marzo<\/p>\n<p>El horario de los talleres ser\u00e1 siempre a las 17 hs. (hora de Colombia) Convocatorias e inscripciones: del 5 al 12 de febrero en\u00a0<a href=\"mailto:reddetamborerasdecolombia@gmail.com\" target=\"_blank\" rel=\"noopener\">reddetamborerasdecolombia@<wbr \/>gmail.com<\/a><\/p>\n","protected":false},"excerpt":{"rendered":"<p>Las maestras colombianas Orito Cantora y Jenn del Tamb\u00f3 coordinar\u00e1n \u201cMujeres al Tambor Iberoam\u00e9rica\u201d, talleres de Percusi\u00f3n Tradicional (Introducci\u00f3n a Ritmos, Tambores y Semillas del Caribe Colombiano y Taller de Maracat\u00fa) destinados a mujeres y mujeres trans. Est\u00e1n dirigidos a 100 participantes por cada sesi\u00f3n y la admisi\u00f3n ser\u00e1 por orden de llegada. A trav\u00e9s [&hellip;]<\/p>\n","protected":false},"author":1,"featured_media":4374,"comment_status":"closed","ping_status":"closed","sticky":false,"template":"","format":"standard","meta":{"footnotes":""},"categories":[53],"tags":[],"class_list":["post-4373","post","type-post","status-publish","format-standard","has-post-thumbnail","hentry","category-noticias-generales"],"lang":"es","translations":{"es":4373,"pt":4376},"pll_sync_post":[],"post_mailing_queue_ids":[],"_links":{"self":[{"href":"http:\/\/staging.ibermusicas.org\/index.php\/wp-json\/wp\/v2\/posts\/4373","targetHints":{"allow":["GET"]}}],"collection":[{"href":"http:\/\/staging.ibermusicas.org\/index.php\/wp-json\/wp\/v2\/posts"}],"about":[{"href":"http:\/\/staging.ibermusicas.org\/index.php\/wp-json\/wp\/v2\/types\/post"}],"author":[{"embeddable":true,"href":"http:\/\/staging.ibermusicas.org\/index.php\/wp-json\/wp\/v2\/users\/1"}],"replies":[{"embeddable":true,"href":"http:\/\/staging.ibermusicas.org\/index.php\/wp-json\/wp\/v2\/comments?post=4373"}],"version-history":[{"count":1,"href":"http:\/\/staging.ibermusicas.org\/index.php\/wp-json\/wp\/v2\/posts\/4373\/revisions"}],"predecessor-version":[{"id":4375,"href":"http:\/\/staging.ibermusicas.org\/index.php\/wp-json\/wp\/v2\/posts\/4373\/revisions\/4375"}],"wp:featuredmedia":[{"embeddable":true,"href":"http:\/\/staging.ibermusicas.org\/index.php\/wp-json\/wp\/v2\/media\/4374"}],"wp:attachment":[{"href":"http:\/\/staging.ibermusicas.org\/index.php\/wp-json\/wp\/v2\/media?parent=4373"}],"wp:term":[{"taxonomy":"category","embeddable":true,"href":"http:\/\/staging.ibermusicas.org\/index.php\/wp-json\/wp\/v2\/categories?post=4373"},{"taxonomy":"post_tag","embeddable":true,"href":"http:\/\/staging.ibermusicas.org\/index.php\/wp-json\/wp\/v2\/tags?post=4373"}],"curies":[{"name":"wp","href":"https:\/\/api.w.org\/{rel}","templated":true}]}}