{"id":4376,"date":"2021-02-02T19:01:53","date_gmt":"2021-02-02T19:01:53","guid":{"rendered":"http:\/\/staging.ibermusicas.org\/?p=4376"},"modified":"2021-03-02T17:15:36","modified_gmt":"2021-03-02T17:15:36","slug":"comeca-a-inscricao-para-mulheres-al-tambor-iberoamerica-oficinas-virtuais-de-percussao-colombiana-e-brasileira-destinadas-a-mulheres-e-mulheres-trans","status":"publish","type":"post","link":"http:\/\/staging.ibermusicas.org\/index.php\/comeca-a-inscricao-para-mulheres-al-tambor-iberoamerica-oficinas-virtuais-de-percussao-colombiana-e-brasileira-destinadas-a-mulheres-e-mulheres-trans\/","title":{"rendered":"Come\u00e7a a inscri\u00e7\u00e3o para Mulheres Al Tambor Iberoam\u00e9rica, oficinas virtuais de percuss\u00e3o colombiana e brasileira destinadas a mulheres e mulheres trans"},"content":{"rendered":"<p>As professoras colombianas Orito Cantora e Jenn del Tamb\u00f3 coordenar\u00e3o \u00abMulheres ao Tambor Iberoam\u00e9rica\u00bb, oficinas de Percuss\u00e3o Tradicional (Introdu\u00e7\u00e3o a Ritmos, Tambores e Sementes do Caribe Colombiano e Oficina de Maracat\u00fa) destinadas a mulheres e mulheres trans. S\u00e3o direcionadas a 100 participantes para cada sess\u00e3o e admiss\u00e3o ser\u00e1 por ordem de chegada.<\/p>\n<p>Atrav\u00e9s da plataforma virtual Zoom, criar\u00e3o 7 encontros de duas horas cada, com oficinas gratuitas. 6 destes workshops estar\u00e3o focados nos ritmos tradicionais do Caribe Colombiano (Cumbia, Garabato, Bullerengue, Son de Negro, Gaita, Maracas) nos instrumentos: Tambora, Tambor Alegre, Chamador, Maracas e uma oficina com a Mestra Joana Cavalcante de m\u00fasica Tradicional Pernambucana (Maracat\u00fa) nos instrumentos: Agbe, Alfaia e Caixa.<\/p>\n<p>\u2022 Cumbia: 15 de fevereiro<br \/>\n\u2022 Garabato y Chand\u00e9: 18 de fevereiro<br \/>\n\u2022 Bullerengue: 22 de fevereiro<br \/>\n\u2022 Maracas: 25 de fevereiro<br \/>\n\u2022 Son de negro: 1ero de mar\u00e7o<br \/>\n\u2022 Maracat\u00fa: 4 de mar\u00e7o<br \/>\n\u2022 Gaita: 8 de mar\u00e7o<\/p>\n<p>O hor\u00e1rio das oficinas ser\u00e1 sempre \u00e0s 17 hs. (hora da Col\u00f4mbia) Convocat\u00f3rias e inscri\u00e7\u00f5es: de 5 a 12 de fevereiro em\u00a0<a href=\"mailto:reddetamborerasdecolombia@gmail.com\" target=\"_blank\" rel=\"noopener\">reddetamborerasdecolombia@<wbr \/>gmail.com<\/a><\/p>\n","protected":false},"excerpt":{"rendered":"<p>As professoras colombianas Orito Cantora e Jenn del Tamb\u00f3 coordenar\u00e3o \u00abMulheres ao Tambor Iberoam\u00e9rica\u00bb, oficinas de Percuss\u00e3o Tradicional (Introdu\u00e7\u00e3o a Ritmos, Tambores e Sementes do Caribe Colombiano e Oficina de Maracat\u00fa) destinadas a mulheres e mulheres trans. S\u00e3o direcionadas a 100 participantes para cada sess\u00e3o e admiss\u00e3o ser\u00e1 por ordem de chegada. Atrav\u00e9s da plataforma [&hellip;]<\/p>\n","protected":false},"author":1,"featured_media":4374,"comment_status":"closed","ping_status":"closed","sticky":false,"template":"","format":"standard","meta":{"footnotes":""},"categories":[218],"tags":[],"class_list":["post-4376","post","type-post","status-publish","format-standard","has-post-thumbnail","hentry","category-noticias-generales-pt"],"lang":"pt","translations":{"pt":4376,"es":4373},"pll_sync_post":[],"post_mailing_queue_ids":[],"_links":{"self":[{"href":"http:\/\/staging.ibermusicas.org\/index.php\/wp-json\/wp\/v2\/posts\/4376","targetHints":{"allow":["GET"]}}],"collection":[{"href":"http:\/\/staging.ibermusicas.org\/index.php\/wp-json\/wp\/v2\/posts"}],"about":[{"href":"http:\/\/staging.ibermusicas.org\/index.php\/wp-json\/wp\/v2\/types\/post"}],"author":[{"embeddable":true,"href":"http:\/\/staging.ibermusicas.org\/index.php\/wp-json\/wp\/v2\/users\/1"}],"replies":[{"embeddable":true,"href":"http:\/\/staging.ibermusicas.org\/index.php\/wp-json\/wp\/v2\/comments?post=4376"}],"version-history":[{"count":1,"href":"http:\/\/staging.ibermusicas.org\/index.php\/wp-json\/wp\/v2\/posts\/4376\/revisions"}],"predecessor-version":[{"id":4377,"href":"http:\/\/staging.ibermusicas.org\/index.php\/wp-json\/wp\/v2\/posts\/4376\/revisions\/4377"}],"wp:featuredmedia":[{"embeddable":true,"href":"http:\/\/staging.ibermusicas.org\/index.php\/wp-json\/wp\/v2\/media\/4374"}],"wp:attachment":[{"href":"http:\/\/staging.ibermusicas.org\/index.php\/wp-json\/wp\/v2\/media?parent=4376"}],"wp:term":[{"taxonomy":"category","embeddable":true,"href":"http:\/\/staging.ibermusicas.org\/index.php\/wp-json\/wp\/v2\/categories?post=4376"},{"taxonomy":"post_tag","embeddable":true,"href":"http:\/\/staging.ibermusicas.org\/index.php\/wp-json\/wp\/v2\/tags?post=4376"}],"curies":[{"name":"wp","href":"https:\/\/api.w.org\/{rel}","templated":true}]}}