{"id":4378,"date":"2021-02-04T09:53:00","date_gmt":"2021-02-04T09:53:00","guid":{"rendered":"http:\/\/staging.ibermusicas.org\/?p=4378"},"modified":"2021-03-02T17:13:08","modified_gmt":"2021-03-02T17:13:08","slug":"se-lanza-en-todas-las-plataformas-un-ep-con-la-musica-creada-por-la-compositora-brasilena-carol-panesi-durante-su-residencia-compositiva-junto-a-eleva-big-band-de-argentina","status":"publish","type":"post","link":"http:\/\/staging.ibermusicas.org\/index.php\/se-lanza-en-todas-las-plataformas-un-ep-con-la-musica-creada-por-la-compositora-brasilena-carol-panesi-durante-su-residencia-compositiva-junto-a-eleva-big-band-de-argentina\/","title":{"rendered":"Se lanza en todas las plataformas un EP con la m\u00fasica creada por la compositora brasile\u00f1a Carol Panesi durante su residencia compositiva junto a Eleva Big Band de Argentina"},"content":{"rendered":"<p>Desde R\u00edo de Janeiro la compositora, pianista, violinista y fliscornista Carol Panesi realiz\u00f3 durante gran parte del a\u00f1o 2020 un proceso de residencia compositiva, que a causa de la pandemia tuvo que ser efectuado en forma remota, junto a la agrupaci\u00f3n femenina Eleva Big Band de la provincia de C\u00f3rdoba, Argentina. La residencia fue realizada con el especial apoyo del Sindicato de M\u00fasicos de la Provincia de C\u00f3rdoba.<\/p>\n<p>A partir del 26 de febrero estar\u00e1 disponible en todas las plataformas un EP conteniendo la m\u00fasica creada durante la residencia. En el mes de marzo lanzar\u00e1n un video documental que reflejar\u00e1 en im\u00e1genes y en sonido todo el trabajo realizado.<\/p>\n<p>Eleva Big Band es un grupo de instrumentistas mujeres y personas con identidades disidentes auto convocadas, m\u00fasicas independientes de la ciudad de C\u00f3rdoba, de distintas edades y con formaciones musicales diversas dirigidas por Lourdes Fontana que se re\u00fanen para interpretar un repertorio compuesto y arreglado exclusivamente por mujeres.<\/p>\n<p>A partir del viernes 26 de febrero en todas las plataformas digitales de m\u00fasica<\/p>\n","protected":false},"excerpt":{"rendered":"<p>Desde R\u00edo de Janeiro la compositora, pianista, violinista y fliscornista Carol Panesi realiz\u00f3 durante gran parte del a\u00f1o 2020 un proceso de residencia compositiva, que a causa de la pandemia tuvo que ser efectuado en forma remota, junto a la agrupaci\u00f3n femenina Eleva Big Band de la provincia de C\u00f3rdoba, Argentina. La residencia fue realizada [&hellip;]<\/p>\n","protected":false},"author":1,"featured_media":4379,"comment_status":"closed","ping_status":"closed","sticky":false,"template":"","format":"standard","meta":{"footnotes":""},"categories":[53],"tags":[],"class_list":["post-4378","post","type-post","status-publish","format-standard","has-post-thumbnail","hentry","category-noticias-generales"],"lang":"es","translations":{"es":4378,"pt":4381},"pll_sync_post":[],"post_mailing_queue_ids":[],"_links":{"self":[{"href":"http:\/\/staging.ibermusicas.org\/index.php\/wp-json\/wp\/v2\/posts\/4378","targetHints":{"allow":["GET"]}}],"collection":[{"href":"http:\/\/staging.ibermusicas.org\/index.php\/wp-json\/wp\/v2\/posts"}],"about":[{"href":"http:\/\/staging.ibermusicas.org\/index.php\/wp-json\/wp\/v2\/types\/post"}],"author":[{"embeddable":true,"href":"http:\/\/staging.ibermusicas.org\/index.php\/wp-json\/wp\/v2\/users\/1"}],"replies":[{"embeddable":true,"href":"http:\/\/staging.ibermusicas.org\/index.php\/wp-json\/wp\/v2\/comments?post=4378"}],"version-history":[{"count":1,"href":"http:\/\/staging.ibermusicas.org\/index.php\/wp-json\/wp\/v2\/posts\/4378\/revisions"}],"predecessor-version":[{"id":4380,"href":"http:\/\/staging.ibermusicas.org\/index.php\/wp-json\/wp\/v2\/posts\/4378\/revisions\/4380"}],"wp:featuredmedia":[{"embeddable":true,"href":"http:\/\/staging.ibermusicas.org\/index.php\/wp-json\/wp\/v2\/media\/4379"}],"wp:attachment":[{"href":"http:\/\/staging.ibermusicas.org\/index.php\/wp-json\/wp\/v2\/media?parent=4378"}],"wp:term":[{"taxonomy":"category","embeddable":true,"href":"http:\/\/staging.ibermusicas.org\/index.php\/wp-json\/wp\/v2\/categories?post=4378"},{"taxonomy":"post_tag","embeddable":true,"href":"http:\/\/staging.ibermusicas.org\/index.php\/wp-json\/wp\/v2\/tags?post=4378"}],"curies":[{"name":"wp","href":"https:\/\/api.w.org\/{rel}","templated":true}]}}