{"id":4381,"date":"2021-02-04T09:55:08","date_gmt":"2021-02-04T09:55:08","guid":{"rendered":"http:\/\/staging.ibermusicas.org\/?p=4381"},"modified":"2021-03-02T17:14:49","modified_gmt":"2021-03-02T17:14:49","slug":"lanca-se-em-todas-as-plataformas-um-ep-com-a-musica-criada-pela-compositora-brasileira-carol-panesi-durante-sua-residencia-compositiva-junto-a-eleva-big-band-da-argentina","status":"publish","type":"post","link":"http:\/\/staging.ibermusicas.org\/index.php\/lanca-se-em-todas-as-plataformas-um-ep-com-a-musica-criada-pela-compositora-brasileira-carol-panesi-durante-sua-residencia-compositiva-junto-a-eleva-big-band-da-argentina\/","title":{"rendered":"Lan\u00e7a-se em todas as plataformas um EP com a m\u00fasica criada pela compositora brasileira Carol Panesi durante sua resid\u00eancia compositiva junto a Eleva Big Band da Argentina"},"content":{"rendered":"<p>Desde o Rio de Janeiro a compositora, pianista, violinista e fliscornista Carol Panesi realizou durante grande parte do ano 2020 um processo de resid\u00eancia compositiva, que por causa da pandemia teve que ser efetuado de forma remota, junto ao grupo feminino Eleva Big Band da prov\u00edncia de C\u00f3rdoba, Argentina. A resid\u00eancia foi realizada com o apoio especial do Sindicato dos M\u00fasicos da Prov\u00edncia de C\u00f3rdoba.<\/p>\n<p>A partir de 26 de fevereiro estar\u00e1 dispon\u00edvel em todas as plataformas um EP contendo a m\u00fasica criada durante a resid\u00eancia. No m\u00eas de mar\u00e7o lan\u00e7ar\u00e3o um v\u00eddeo document\u00e1rio que refletir\u00e1 em imagens e em som todo o trabalho realizado.<\/p>\n<p>Eleva Big Band \u00e9 um grupo de instrumentistas mulheres e pessoas com identidades dissidentes auto convocadas, m\u00fasicas independentes da cidade de C\u00f3rdoba, de diferentes idades e com forma\u00e7\u00f5es musicais diversas dirigidas por Lourdes Fontana que se re\u00fanem para interpretar um repert\u00f3rio composto e arranjado exclusivamente por mulheres.<\/p>\n<p>A partir de sexta-feira 26 de fevereiro em todas as plataformas digitais de m\u00fasica<\/p>\n","protected":false},"excerpt":{"rendered":"<p>Desde o Rio de Janeiro a compositora, pianista, violinista e fliscornista Carol Panesi realizou durante grande parte do ano 2020 um processo de resid\u00eancia compositiva, que por causa da pandemia teve que ser efetuado de forma remota, junto ao grupo feminino Eleva Big Band da prov\u00edncia de C\u00f3rdoba, Argentina. A resid\u00eancia foi realizada com o [&hellip;]<\/p>\n","protected":false},"author":1,"featured_media":4379,"comment_status":"closed","ping_status":"closed","sticky":false,"template":"","format":"standard","meta":{"footnotes":""},"categories":[218],"tags":[],"class_list":["post-4381","post","type-post","status-publish","format-standard","has-post-thumbnail","hentry","category-noticias-generales-pt"],"lang":"pt","translations":{"pt":4381,"es":4378},"pll_sync_post":[],"post_mailing_queue_ids":[],"_links":{"self":[{"href":"http:\/\/staging.ibermusicas.org\/index.php\/wp-json\/wp\/v2\/posts\/4381","targetHints":{"allow":["GET"]}}],"collection":[{"href":"http:\/\/staging.ibermusicas.org\/index.php\/wp-json\/wp\/v2\/posts"}],"about":[{"href":"http:\/\/staging.ibermusicas.org\/index.php\/wp-json\/wp\/v2\/types\/post"}],"author":[{"embeddable":true,"href":"http:\/\/staging.ibermusicas.org\/index.php\/wp-json\/wp\/v2\/users\/1"}],"replies":[{"embeddable":true,"href":"http:\/\/staging.ibermusicas.org\/index.php\/wp-json\/wp\/v2\/comments?post=4381"}],"version-history":[{"count":1,"href":"http:\/\/staging.ibermusicas.org\/index.php\/wp-json\/wp\/v2\/posts\/4381\/revisions"}],"predecessor-version":[{"id":4382,"href":"http:\/\/staging.ibermusicas.org\/index.php\/wp-json\/wp\/v2\/posts\/4381\/revisions\/4382"}],"wp:featuredmedia":[{"embeddable":true,"href":"http:\/\/staging.ibermusicas.org\/index.php\/wp-json\/wp\/v2\/media\/4379"}],"wp:attachment":[{"href":"http:\/\/staging.ibermusicas.org\/index.php\/wp-json\/wp\/v2\/media?parent=4381"}],"wp:term":[{"taxonomy":"category","embeddable":true,"href":"http:\/\/staging.ibermusicas.org\/index.php\/wp-json\/wp\/v2\/categories?post=4381"},{"taxonomy":"post_tag","embeddable":true,"href":"http:\/\/staging.ibermusicas.org\/index.php\/wp-json\/wp\/v2\/tags?post=4381"}],"curies":[{"name":"wp","href":"https:\/\/api.w.org\/{rel}","templated":true}]}}